{"id":5821,"date":"2016-04-22T09:05:34","date_gmt":"2016-04-22T08:05:34","guid":{"rendered":"https:\/\/inclusioaltemporda.cat\/portal\/?p=5821"},"modified":"2016-04-22T09:26:48","modified_gmt":"2016-04-22T08:26:48","slug":"en-marxa-el-projecte-oficis-per-a-la-comunitat-noves-oportunitats-per-sortir-de-la-crisi","status":"publish","type":"post","link":"https:\/\/inclusioaltemporda.cat\/portal\/en-marxa-el-projecte-oficis-per-a-la-comunitat-noves-oportunitats-per-sortir-de-la-crisi\/","title":{"rendered":"En marxa el projecte &#8220;Oficis per a la comunitat: noves oportunitats per sortir de la crisi&#8221;"},"content":{"rendered":"<p>Aquesta setmana ha arrencat la segona edici\u00f3 del projecte &#8220;Oficis per a la comunitat: noves oportunitats per sortir de la crisi&#8221; amb la incorporaci\u00f3 de 14 professionals que s&#8217;integraran en diferents equips de treball del Consell Comarcal.<\/p>\n<p>El projecte \u201cOficis per a la comunitat: noves oportunitats per sortir de la crisi\u201d, liderat pel Consell Comarcal amb la col\u00b7laboraci\u00f3 de l&#8217;Ajuntament de Figures i finan\u00e7at per la convocat\u00f2ria d&#8217;accions d&#8217;ocupaci\u00f3 del programa &#8220;Salut i Crisi&#8221; de Dipsalut, pret\u00e9n facilitar l&#8217;ocupabilitat de persones directament afectades per la crisi en programes comarcals. En aquest sentit, el projecte vol promoure oportunitats laborals en les pr\u00f2pies estructures dels serveis socials b\u00e0sics del Consell, promoure la creaci\u00f3 de llocs de treball que reverteixin i benefici\u00efn la poblaci\u00f3 en risc afectada per la crisi, i en tercer lloc, incentivar nous programes comunitaris que facilitin l&#8217;ocupabilitat futura de perfils de risc en el territori en activitats productives autogestionades i sostenibles.<\/p>\n<p>L&#8217;objectiu del projecte \u00e9s oferir a les persones participants l&#8217;oportunitat de reincorporar-se al mercat laboral, concretament en projectes que reverteixen en poblaci\u00f3 en situaci\u00f3 de risc d&#8217;exclusi\u00f3, i alhora treballar les seves capacitats i potencialitats a trav\u00e9s d&#8217;una acompanyament especialitzat que permeti afavorir la seva inserci\u00f3 laboral un cop finalitzada la seva participaci\u00f3 en el projecte.<\/p>\n<p>Les 14 persones contractades s&#8217;integraran en 3 projectes espec\u00edfics, la Brigada d&#8217;emerg\u00e8ncia, el projecte d&#8217;horta comunit\u00e0ria al municipi de La Jonquera, i el servei d&#8217;informaci\u00f3 i atenci\u00f3 al p\u00fablic de l&#8217;\u00c0rea de Benestar.<\/p>\n<p>&nbsp;<\/p>\n<p>&nbsp;<\/p>\n","protected":false},"excerpt":{"rendered":"<p>Aquesta setmana ha arrencat la segona edici\u00f3 del projecte amb la incorporaci\u00f3 de 14 professionals que s&#8217;integraran en diferents equips de treball del Consell Comarcal.<\/p>\n","protected":false},"author":2,"featured_media":5822,"comment_status":"closed","ping_status":"closed","sticky":false,"template":"","format":"standard","meta":{"footnotes":""},"categories":[106,100,1,108,12],"tags":[],"class_list":["post-5821","post","type-post","status-publish","format-standard","has-post-thumbnail","hentry","category-administracions","category-area-benestar","category-general","category-mitjans-comunicacio","category-pla-dinclusio-2","category-106","category-100","category-1","category-108","category-12","description-off"],"_links":{"self":[{"href":"https:\/\/inclusioaltemporda.cat\/portal\/wp-json\/wp\/v2\/posts\/5821","targetHints":{"allow":["GET"]}}],"collection":[{"href":"https:\/\/inclusioaltemporda.cat\/portal\/wp-json\/wp\/v2\/posts"}],"about":[{"href":"https:\/\/inclusioaltemporda.cat\/portal\/wp-json\/wp\/v2\/types\/post"}],"author":[{"embeddable":true,"href":"https:\/\/inclusioaltemporda.cat\/portal\/wp-json\/wp\/v2\/users\/2"}],"replies":[{"embeddable":true,"href":"https:\/\/inclusioaltemporda.cat\/portal\/wp-json\/wp\/v2\/comments?post=5821"}],"version-history":[{"count":7,"href":"https:\/\/inclusioaltemporda.cat\/portal\/wp-json\/wp\/v2\/posts\/5821\/revisions"}],"predecessor-version":[{"id":5829,"href":"https:\/\/inclusioaltemporda.cat\/portal\/wp-json\/wp\/v2\/posts\/5821\/revisions\/5829"}],"wp:featuredmedia":[{"embeddable":true,"href":"https:\/\/inclusioaltemporda.cat\/portal\/wp-json\/wp\/v2\/media\/5822"}],"wp:attachment":[{"href":"https:\/\/inclusioaltemporda.cat\/portal\/wp-json\/wp\/v2\/media?parent=5821"}],"wp:term":[{"taxonomy":"category","embeddable":true,"href":"https:\/\/inclusioaltemporda.cat\/portal\/wp-json\/wp\/v2\/categories?post=5821"},{"taxonomy":"post_tag","embeddable":true,"href":"https:\/\/inclusioaltemporda.cat\/portal\/wp-json\/wp\/v2\/tags?post=5821"}],"curies":[{"name":"wp","href":"https:\/\/api.w.org\/{rel}","templated":true}]}}