{"id":5844,"date":"2016-05-17T12:26:52","date_gmt":"2016-05-17T11:26:52","guid":{"rendered":"https:\/\/inclusioaltemporda.cat\/portal\/?p=5844"},"modified":"2016-05-17T15:49:12","modified_gmt":"2016-05-17T14:49:12","slug":"celebrada-la-jornada-de-treball-tecnico-politica-millora-de-les-politiques-socials-reflexio-per-a-laccio","status":"publish","type":"post","link":"https:\/\/inclusioaltemporda.cat\/portal\/celebrada-la-jornada-de-treball-tecnico-politica-millora-de-les-politiques-socials-reflexio-per-a-laccio\/","title":{"rendered":"Jornada de treball t\u00e8cnico-pol\u00edtica &#8220;Millora de les pol\u00edtiques socials: de la reflexi\u00f3 a l&#8217;acci\u00f3&#8221;"},"content":{"rendered":"<p align=\"justify\">El passat dilluns 9 de maig va tenir lloc al Consell Comarcal la Jornada de treball de l&#8217;\u00c0rea de Benestar amb electes locals &#8220;Millora de les pol\u00edtiques socials: de la reflexi\u00f3 a l&#8217;acci\u00f3&#8221; que tingu\u00e9 com a finalitat donar a con\u00e8ixer els serveis i els programes que gestiona aquesta \u00e0rea, i promoure un espai de treball t\u00e8cnico-pol\u00edtic orientat a millorar les l\u00ednies de treball municipals en l&#8217;\u00e0mbit de les pol\u00edtiques socials.<\/p>\n<p align=\"justify\">La jornada de treball va servir per presentar les diferents l\u00ednies de treball que actualment promou l&#8217;\u00c0rea de Benestar, aix\u00ed com els projectes espec\u00edfics que du a terme en diferents \u00e0mbits. Aquesta tamb\u00e9 va comptat amb la presentaci\u00f3 Programa Salut i Crisi que el Consell Comarcal du a terme a l&#8217;Alt Empord\u00e0 amb la col\u00b7laboraci\u00f3 de Dipsalut.<\/p>\n<p align=\"justify\">En el marc de l&#8217;espai de treball de la jornada es promogu\u00e9 un espai de reflexi\u00f3 i proposta sobre les necessitats i prioritats dels ens locals sobre les pol\u00edtiques socials desenvolupades a nivell local, els resultats del qual serviran per millorar l&#8217;acompanyament que l&#8217;\u00c0rea de Benestar fa als ajuntaments en el desplegament de les pol\u00edtiques p\u00fabliques en aquest \u00e0mbit.<\/p>\n<p align=\"justify\">La jornada va finalitzar amb la confer\u00e8ncia-debat impartida per Joan Canimas, Doctor en filosofia, entorn \u00abL&#8217;\u00e8tica en la intervenci\u00f3 social\u00bb.<\/p>\n<p align=\"justify\">L&#8217;activitat va comptar amb la participaci\u00f3 de c\u00e0rrecs electes dels ajuntaments de Cabanes, Cadaqu\u00e9s, Castell\u00f3 d&#8217;Emp\u00faries, Garriguella, La Jonquera, Llan\u00e7\u00e0, Mollet de Peralada, Navata, Palau-saverdera, Roses, Sant Mori, Sant Pere Pescador i Vilafant.<\/p>\n<p align=\"justify\">Aquesta iniciativa s&#8217;emmarca en l&#8217;estrat\u00e8gia de treball per a refor\u00e7ar la cooperaci\u00f3 t\u00e8cnico-pol\u00edtica en l&#8217;\u00e0mbit social a la comarca i promoure la innovaci\u00f3 en aquest terreny impulsada per l&#8217;\u00c0rea de Benestar del Consell.<\/p>\n","protected":false},"excerpt":{"rendered":"<p>La Jornada es va celebrar el passat 9 de maig amb la finalitat de promoure un espai de treball t\u00e8cnico-pol\u00edtic per a la millora de les l\u00ednies de treball municipals en l&#8217;\u00e0mbit de les pol\u00edtiques socials<\/p>\n","protected":false},"author":2,"featured_media":1649,"comment_status":"closed","ping_status":"closed","sticky":false,"template":"","format":"standard","meta":{"footnotes":""},"categories":[106,100,101,104,1,108,12,102],"tags":[],"class_list":["post-5844","post","type-post","status-publish","format-standard","has-post-thumbnail","hentry","category-administracions","category-area-benestar","category-ciutadania","category-entitats-socials","category-general","category-mitjans-comunicacio","category-pla-dinclusio-2","category-professionals-ambit-social","category-106","category-100","category-101","category-104","category-1","category-108","category-12","category-102","description-off"],"_links":{"self":[{"href":"https:\/\/inclusioaltemporda.cat\/portal\/wp-json\/wp\/v2\/posts\/5844","targetHints":{"allow":["GET"]}}],"collection":[{"href":"https:\/\/inclusioaltemporda.cat\/portal\/wp-json\/wp\/v2\/posts"}],"about":[{"href":"https:\/\/inclusioaltemporda.cat\/portal\/wp-json\/wp\/v2\/types\/post"}],"author":[{"embeddable":true,"href":"https:\/\/inclusioaltemporda.cat\/portal\/wp-json\/wp\/v2\/users\/2"}],"replies":[{"embeddable":true,"href":"https:\/\/inclusioaltemporda.cat\/portal\/wp-json\/wp\/v2\/comments?post=5844"}],"version-history":[{"count":7,"href":"https:\/\/inclusioaltemporda.cat\/portal\/wp-json\/wp\/v2\/posts\/5844\/revisions"}],"predecessor-version":[{"id":5859,"href":"https:\/\/inclusioaltemporda.cat\/portal\/wp-json\/wp\/v2\/posts\/5844\/revisions\/5859"}],"wp:featuredmedia":[{"embeddable":true,"href":"https:\/\/inclusioaltemporda.cat\/portal\/wp-json\/wp\/v2\/media\/1649"}],"wp:attachment":[{"href":"https:\/\/inclusioaltemporda.cat\/portal\/wp-json\/wp\/v2\/media?parent=5844"}],"wp:term":[{"taxonomy":"category","embeddable":true,"href":"https:\/\/inclusioaltemporda.cat\/portal\/wp-json\/wp\/v2\/categories?post=5844"},{"taxonomy":"post_tag","embeddable":true,"href":"https:\/\/inclusioaltemporda.cat\/portal\/wp-json\/wp\/v2\/tags?post=5844"}],"curies":[{"name":"wp","href":"https:\/\/api.w.org\/{rel}","templated":true}]}}