{"id":5862,"date":"2016-05-20T09:15:48","date_gmt":"2016-05-20T08:15:48","guid":{"rendered":"https:\/\/inclusioaltemporda.cat\/portal\/?p=5862"},"modified":"2016-05-20T09:27:55","modified_gmt":"2016-05-20T08:27:55","slug":"nova-edicio-del-concurs-de-cartells-del-dia-mundial-sense-tabac-2","status":"publish","type":"post","link":"https:\/\/inclusioaltemporda.cat\/portal\/nova-edicio-del-concurs-de-cartells-del-dia-mundial-sense-tabac-2\/","title":{"rendered":"Nova edici\u00f3 del Concurs de cartells del Dia Mundial Sense Tabac"},"content":{"rendered":"<p>En el marc del Programa comarcal de prevenci\u00f3 de les drogodepend\u00e8ncies de l\u2019Alt Empord\u00e0, el Consell Comarcal organitza una nova edici\u00f3 del Concurs de cartells del \u201cDia Mundial Sense Tabac\u201d, adre\u00e7at a l\u2019alumnat d\u2019ESO dels centres educatius de la comarca.<\/p>\n<p>Sota el lema \u201cBonic per fora, nociu per dins\u201d, el 15\u00e8 Concurs de cartells vol sensibilitzar entorn la proposta que l&#8217;Organitzaci\u00f3 Mundial de la Salut (OMS) fa a cada edici\u00f3 amb la finalitat de sensibilitzar la poblaci\u00f3 sobre els possibles danys per a la salut que implica el consum de tabac i per tal d&#8217;estimular la reflexi\u00f3 a l&#8217;entorn de la necessitat de prevenir la seva iniciaci\u00f3 i consum entre els adolescents i joves.<\/p>\n<p>El guanyador del concurs rebr\u00e0 un premi valorat en 100 euros i el centre al qual pertanyi rebr\u00e0 materials educatius per un valor de 300 euros. Els cartells participants en el concurs hauran de ser presentats a la seu del Consell Comarcal de l\u2019Alt Empord\u00e0, abans del 23 de maig a les 14h. El lliurament dels premis ser\u00e0 el dia 31 de maig a la una del migdia a la seu del Consell Comarcal.<\/p>\n","protected":false},"excerpt":{"rendered":"<p>En el marc del Programa comarcal de prevenci\u00f3 de les drogodepend\u00e8ncies de l\u2019Alt Empord\u00e0, el Consell Comarcal organitza una nova edici\u00f3 del Concurs de cartells del \u201cDia Mundial Sense Tabac\u201d, adre\u00e7at a l\u2019alumnat d\u2019ESO dels centres educatius de la comarca<\/p>\n","protected":false},"author":2,"featured_media":4048,"comment_status":"closed","ping_status":"closed","sticky":false,"template":"","format":"standard","meta":{"footnotes":""},"categories":[106,100,101,103,1],"tags":[],"class_list":["post-5862","post","type-post","status-publish","format-standard","has-post-thumbnail","hentry","category-administracions","category-area-benestar","category-ciutadania","category-estudiants-escoles-instituts","category-general","category-106","category-100","category-101","category-103","category-1","description-off"],"_links":{"self":[{"href":"https:\/\/inclusioaltemporda.cat\/portal\/wp-json\/wp\/v2\/posts\/5862","targetHints":{"allow":["GET"]}}],"collection":[{"href":"https:\/\/inclusioaltemporda.cat\/portal\/wp-json\/wp\/v2\/posts"}],"about":[{"href":"https:\/\/inclusioaltemporda.cat\/portal\/wp-json\/wp\/v2\/types\/post"}],"author":[{"embeddable":true,"href":"https:\/\/inclusioaltemporda.cat\/portal\/wp-json\/wp\/v2\/users\/2"}],"replies":[{"embeddable":true,"href":"https:\/\/inclusioaltemporda.cat\/portal\/wp-json\/wp\/v2\/comments?post=5862"}],"version-history":[{"count":1,"href":"https:\/\/inclusioaltemporda.cat\/portal\/wp-json\/wp\/v2\/posts\/5862\/revisions"}],"predecessor-version":[{"id":5863,"href":"https:\/\/inclusioaltemporda.cat\/portal\/wp-json\/wp\/v2\/posts\/5862\/revisions\/5863"}],"wp:featuredmedia":[{"embeddable":true,"href":"https:\/\/inclusioaltemporda.cat\/portal\/wp-json\/wp\/v2\/media\/4048"}],"wp:attachment":[{"href":"https:\/\/inclusioaltemporda.cat\/portal\/wp-json\/wp\/v2\/media?parent=5862"}],"wp:term":[{"taxonomy":"category","embeddable":true,"href":"https:\/\/inclusioaltemporda.cat\/portal\/wp-json\/wp\/v2\/categories?post=5862"},{"taxonomy":"post_tag","embeddable":true,"href":"https:\/\/inclusioaltemporda.cat\/portal\/wp-json\/wp\/v2\/tags?post=5862"}],"curies":[{"name":"wp","href":"https:\/\/api.w.org\/{rel}","templated":true}]}}