{"id":5866,"date":"2016-05-27T08:19:10","date_gmt":"2016-05-27T07:19:10","guid":{"rendered":"https:\/\/inclusioaltemporda.cat\/portal\/?p=5866"},"modified":"2016-05-27T08:31:19","modified_gmt":"2016-05-27T07:31:19","slug":"video-de-la-jornada-eines-per-a-la-gestio-emocional-dequips-i-voluntariat","status":"publish","type":"post","link":"https:\/\/inclusioaltemporda.cat\/portal\/video-de-la-jornada-eines-per-a-la-gestio-emocional-dequips-i-voluntariat\/","title":{"rendered":"V\u00eddeo de la Jornada &#8220;Eines per a la gesti\u00f3 emocional d&#8217;equips i voluntariat&#8221;"},"content":{"rendered":"<p>El dissabte 2 d&#8217;abril va tenir lloc al Teatre Municipal de Roses la 3a jornada de formaci\u00f3 que organitza anualment la Taula d\u2019Inclusi\u00f3 de l\u2019Alt Empord\u00e0 i el Consell Comarcal i que va comptar en aquesta edici\u00f3 amb el suport i la col\u00b7laboraci\u00f3 de l\u2019Ajuntament de Roses.<\/p>\n<p>M\u00e9s de 120 professionals i voluntaris de diverses entitats de la comarca van participar activament en una jornada de treball intensa que va comptar amb ponents i talleristes de reconeguda traject\u00f2ria i experi\u00e8ncia professional.<\/p>\n<p style=\"text-align: left;\">Us presentem el v\u00eddeo resum de la Jornada!<\/p>\n<p style=\"text-align: center;\"><iframe loading=\"lazy\" src=\"https:\/\/www.youtube.com\/embed\/o65gRV9A268\" width=\"560\" height=\"315\" frameborder=\"0\" allowfullscreen=\"allowfullscreen\"><\/iframe><\/p>\n<p>A trav\u00e9s d&#8217;<a href=\"https:\/\/inclusioaltemporda.cat\/portal\/wp-content\/uploads\/Materials-formaci%C3%B3-Taula-2016.pdf\">aquest enlla\u00e7<\/a> podeu accedir a les pon\u00e8ncies, documents de suport i conclusions dels diferents ponents i talleristes de la jornada.<\/p>\n","protected":false},"excerpt":{"rendered":"<p>Ja podeu veure el v\u00eddeo resum de la 3a jornada de formaci\u00f3 per a equips professionals i voluntariat d&#8217;entitats organitzada per la Taula d&#8217;Inclusi\u00f3 de l&#8217;Alt Empord\u00e0<\/p>\n","protected":false},"author":2,"featured_media":5873,"comment_status":"closed","ping_status":"closed","sticky":false,"template":"","format":"standard","meta":{"footnotes":""},"categories":[106,100,101,104,103,1,108,12,11],"tags":[],"class_list":["post-5866","post","type-post","status-publish","format-standard","has-post-thumbnail","hentry","category-administracions","category-area-benestar","category-ciutadania","category-entitats-socials","category-estudiants-escoles-instituts","category-general","category-mitjans-comunicacio","category-pla-dinclusio-2","category-taula-inclusio","category-106","category-100","category-101","category-104","category-103","category-1","category-108","category-12","category-11","description-off"],"_links":{"self":[{"href":"https:\/\/inclusioaltemporda.cat\/portal\/wp-json\/wp\/v2\/posts\/5866","targetHints":{"allow":["GET"]}}],"collection":[{"href":"https:\/\/inclusioaltemporda.cat\/portal\/wp-json\/wp\/v2\/posts"}],"about":[{"href":"https:\/\/inclusioaltemporda.cat\/portal\/wp-json\/wp\/v2\/types\/post"}],"author":[{"embeddable":true,"href":"https:\/\/inclusioaltemporda.cat\/portal\/wp-json\/wp\/v2\/users\/2"}],"replies":[{"embeddable":true,"href":"https:\/\/inclusioaltemporda.cat\/portal\/wp-json\/wp\/v2\/comments?post=5866"}],"version-history":[{"count":4,"href":"https:\/\/inclusioaltemporda.cat\/portal\/wp-json\/wp\/v2\/posts\/5866\/revisions"}],"predecessor-version":[{"id":5871,"href":"https:\/\/inclusioaltemporda.cat\/portal\/wp-json\/wp\/v2\/posts\/5866\/revisions\/5871"}],"wp:featuredmedia":[{"embeddable":true,"href":"https:\/\/inclusioaltemporda.cat\/portal\/wp-json\/wp\/v2\/media\/5873"}],"wp:attachment":[{"href":"https:\/\/inclusioaltemporda.cat\/portal\/wp-json\/wp\/v2\/media?parent=5866"}],"wp:term":[{"taxonomy":"category","embeddable":true,"href":"https:\/\/inclusioaltemporda.cat\/portal\/wp-json\/wp\/v2\/categories?post=5866"},{"taxonomy":"post_tag","embeddable":true,"href":"https:\/\/inclusioaltemporda.cat\/portal\/wp-json\/wp\/v2\/tags?post=5866"}],"curies":[{"name":"wp","href":"https:\/\/api.w.org\/{rel}","templated":true}]}}