{"id":5874,"date":"2016-06-01T08:40:42","date_gmt":"2016-06-01T07:40:42","guid":{"rendered":"https:\/\/inclusioaltemporda.cat\/portal\/?p=5874"},"modified":"2016-06-09T07:28:21","modified_gmt":"2016-06-09T06:28:21","slug":"es-posa-en-funcionament-el-telefon-datencio-ciutadana-de-larea-de-benestar","status":"publish","type":"post","link":"https:\/\/inclusioaltemporda.cat\/portal\/es-posa-en-funcionament-el-telefon-datencio-ciutadana-de-larea-de-benestar\/","title":{"rendered":"Es posa en funcionament el Tel\u00e8fon d&#8217;Atenci\u00f3 Ciutadana de l&#8217;\u00c0rea de Benestar"},"content":{"rendered":"<p>A partir del dia 1 de juny d&#8217;enguany l&#8217;\u00c0rea de Benestar del Consell Comarcal de l&#8217;Alt Empord\u00e0 posa en funcionament un <a href=\"https:\/\/inclusioaltemporda.cat\/portal\/wp-content\/uploads\/Cartell-tel\u00e8fon-atenci\u00f3-ciutadana_2016.jpg\" target=\"_blank\">Telefon d&#8217;Atenci\u00f3 Ciutadana (972 522 000)<\/a> amb l&#8217;objectiu de concentrar l&#8217;atenci\u00f3 telef\u00f2nica, agilitar el temps de resposta, \u00a0gestionar l&#8217;agenda dels diferents professionals aix\u00ed com mantenir un primer contacte que ja permeti donar una orientaci\u00f3 a les persones.<\/p>\n<p>Aquest servei estar\u00e0 operatiu de dilluns a divendres de les 08:30 a 14:30 h. L&#8217;atenci\u00f3 als municipis de Roses, l&#8217;Escala i Castell\u00f3 d&#8217;Emp\u00faries, degut a la seva dimensi\u00f3, es far\u00e0 des dels corresponents ajuntaments.<\/p>\n<p>Aquest Servei, que forma part de les canvis organitzatius introdu\u00efts per millorar l&#8217;atenci\u00f3 donada, va ser presentat en el marc de la <a href=\"https:\/\/inclusioaltemporda.cat\/portal\/celebrada-la-jornada-de-treball-tecnico-politica-millora-de-les-politiques-socials-reflexio-per-a-laccio\/\" target=\"_blank\">jornada de treball t\u00e8cnico-pol\u00edtica &#8220;Millora de les pol\u00edtiques socials: de la reflexi\u00f3 a l&#8217;acci\u00f3&#8221;<\/a> el passat 9 de maig.<\/p>\n","protected":false},"excerpt":{"rendered":"<p>Des del dia 1 de juny estar\u00e0 actiu el Tel\u00e8fon d&#8217;Atenci\u00f3 Ciutadana de l&#8217;\u00c0rea de Benestar (972.522.000) que donar\u00e0 servei al conjunt de ciutadania de la comarca.<\/p>\n","protected":false},"author":2,"featured_media":5881,"comment_status":"closed","ping_status":"closed","sticky":false,"template":"","format":"standard","meta":{"footnotes":""},"categories":[106,100,101,1,108,102],"tags":[],"class_list":["post-5874","post","type-post","status-publish","format-standard","has-post-thumbnail","hentry","category-administracions","category-area-benestar","category-ciutadania","category-general","category-mitjans-comunicacio","category-professionals-ambit-social","category-106","category-100","category-101","category-1","category-108","category-102","description-off"],"_links":{"self":[{"href":"https:\/\/inclusioaltemporda.cat\/portal\/wp-json\/wp\/v2\/posts\/5874","targetHints":{"allow":["GET"]}}],"collection":[{"href":"https:\/\/inclusioaltemporda.cat\/portal\/wp-json\/wp\/v2\/posts"}],"about":[{"href":"https:\/\/inclusioaltemporda.cat\/portal\/wp-json\/wp\/v2\/types\/post"}],"author":[{"embeddable":true,"href":"https:\/\/inclusioaltemporda.cat\/portal\/wp-json\/wp\/v2\/users\/2"}],"replies":[{"embeddable":true,"href":"https:\/\/inclusioaltemporda.cat\/portal\/wp-json\/wp\/v2\/comments?post=5874"}],"version-history":[{"count":5,"href":"https:\/\/inclusioaltemporda.cat\/portal\/wp-json\/wp\/v2\/posts\/5874\/revisions"}],"predecessor-version":[{"id":5897,"href":"https:\/\/inclusioaltemporda.cat\/portal\/wp-json\/wp\/v2\/posts\/5874\/revisions\/5897"}],"wp:featuredmedia":[{"embeddable":true,"href":"https:\/\/inclusioaltemporda.cat\/portal\/wp-json\/wp\/v2\/media\/5881"}],"wp:attachment":[{"href":"https:\/\/inclusioaltemporda.cat\/portal\/wp-json\/wp\/v2\/media?parent=5874"}],"wp:term":[{"taxonomy":"category","embeddable":true,"href":"https:\/\/inclusioaltemporda.cat\/portal\/wp-json\/wp\/v2\/categories?post=5874"},{"taxonomy":"post_tag","embeddable":true,"href":"https:\/\/inclusioaltemporda.cat\/portal\/wp-json\/wp\/v2\/tags?post=5874"}],"curies":[{"name":"wp","href":"https:\/\/api.w.org\/{rel}","templated":true}]}}