{"id":5886,"date":"2016-06-08T08:50:33","date_gmt":"2016-06-08T07:50:33","guid":{"rendered":"https:\/\/inclusioaltemporda.cat\/portal\/?p=5886"},"modified":"2016-06-14T09:27:47","modified_gmt":"2016-06-14T08:27:47","slug":"larea-de-benestar-del-consell-comarcal-presenta-a-perpinya-el-diagnostic-social-de-lespai-catala-transfronterer","status":"publish","type":"post","link":"https:\/\/inclusioaltemporda.cat\/portal\/larea-de-benestar-del-consell-comarcal-presenta-a-perpinya-el-diagnostic-social-de-lespai-catala-transfronterer\/","title":{"rendered":"L&#8217;\u00e0rea de Benestar del Consell Comarcal presenta a Perpiny\u00e0 el Diagn\u00f2stic Social de l&#8217;Espai catal\u00e0 transfronterer"},"content":{"rendered":"<p>L&#8217;\u00e0rea de Benestar del Consell Comarcal de l&#8217;Alt Empord\u00e0 va presentar ahir el Diagn\u00f2stic Social de l&#8217;Espai catal\u00e0 transfronterer elaborat per l&#8217;Equip T\u00e8cnic d&#8217;Inclusi\u00f3 en el marc del projecte de cooperaci\u00f3 transfronterer en intervenci\u00f3 social en el qual ha participat al llarg de l&#8217;any passat.<\/p>\n<p>Aquest cicle de trobades transfrontereres, que ha comptat amb una subvenci\u00f3 Eurodistricte de la Generalitat de Catalunya i el Departament dels Pirineus Orientals, es va cloure ahir en una jornada de treball a la qual va assistir el director de la Casa de la Generalitat de Perpiny\u00e0, Josep Puigbert, i el coordinador de la Missi\u00f3 Transfronterera del Departament dels Pirineus Orientals, Florent Martiche. En aquesta darrera jornada van participar m\u00e9s d&#8217;una trentena de professionals de l&#8217;\u00e0mbit social provinents del Consell Comarcal, del Departament dels Pirineus Orientals, de l&#8217;IRTS i d&#8217;entitats socials de banda i banda de la frontera.<\/p>\n<p>Al llarg del darrer any aquest cicle de trobades ha reunit prop d&#8217;un centenar de professionals de l&#8217;\u00e0mbit social interessats en promoure projectes de cooperaci\u00f3 transfronterera orientats a la intervenci\u00f3 social i a l&#8217;atenci\u00f3 a les persones en risc d&#8217;exclusi\u00f3 social. Aquestes trobades han facilitat un espai de treball per con\u00e8ixer els actors hom\u00f2legs del Departament dels Pirineus Orientals, les seves compet\u00e8ncies i els seus \u00e0mbits d&#8217;intervenci\u00f3 i per teixir una xarxa de cooperaci\u00f3 transfronterera que permet l&#8217;intercanvi d&#8217;informaci\u00f3 professional, l&#8217;aprenentatge mutu i la generaci\u00f3 de nous projectes de cooperaci\u00f3 en l&#8217;\u00e0mbit social.<\/p>\n<p><a href=\"https:\/\/inclusioaltemporda.cat\/portal\/wp-content\/uploads\/DIAGN\u00d2STIC-SOCIAL-DE-LESPAI-CATAL\u00c0-TRANSFRONTERER-1.pdf\">Us podeu descarregar la versi\u00f3 catalana del diagn\u00f2stic en aquest enlla\u00e7.<\/a><\/p>\n<p><a href=\"https:\/\/inclusioaltemporda.cat\/portal\/wp-content\/uploads\/DIAGNOSTIC-SOCIAL-DANS-LESPACE-CATALAN-TRANSFRONTALIER-2.pdf\">Us podeu descarregar la versi\u00f3 francesa en aquest enlla\u00e7.<\/a><\/p>\n","protected":false},"excerpt":{"rendered":"<p>L&#8217;\u00e0rea de Benestar del Consell Comarcal de l&#8217;Alt Empord\u00e0 va presentar ahir el Diagn\u00f2stic Social de l&#8217;Espai catal\u00e0 transfronterer elaborat per l&#8217;Equip T\u00e8cnic d&#8217;Inclusi\u00f3 en el marc del projecte de cooperaci\u00f3 transfronterer en intervenci\u00f3 social en el qual ha participat al llarg de l&#8217;any passat<\/p>\n","protected":false},"author":3,"featured_media":5896,"comment_status":"closed","ping_status":"closed","sticky":false,"template":"","format":"standard","meta":{"footnotes":""},"categories":[106,100,107,101,105,104,103,1,108,13,12,102,111,115],"tags":[],"class_list":["post-5886","post","type-post","status-publish","format-standard","has-post-thumbnail","hentry","category-administracions","category-area-benestar","category-centres-recerca-universitats","category-ciutadania","category-empreses","category-entitats-socials","category-estudiants-escoles-instituts","category-general","category-mitjans-comunicacio","category-observatori-inclusio-social-alt-emporda","category-pla-dinclusio-2","category-professionals-ambit-social","category-projectes-internacionals","category-projectes-transfronterers","category-106","category-100","category-107","category-101","category-105","category-104","category-103","category-1","category-108","category-13","category-12","category-102","category-111","category-115","description-off"],"_links":{"self":[{"href":"https:\/\/inclusioaltemporda.cat\/portal\/wp-json\/wp\/v2\/posts\/5886","targetHints":{"allow":["GET"]}}],"collection":[{"href":"https:\/\/inclusioaltemporda.cat\/portal\/wp-json\/wp\/v2\/posts"}],"about":[{"href":"https:\/\/inclusioaltemporda.cat\/portal\/wp-json\/wp\/v2\/types\/post"}],"author":[{"embeddable":true,"href":"https:\/\/inclusioaltemporda.cat\/portal\/wp-json\/wp\/v2\/users\/3"}],"replies":[{"embeddable":true,"href":"https:\/\/inclusioaltemporda.cat\/portal\/wp-json\/wp\/v2\/comments?post=5886"}],"version-history":[{"count":12,"href":"https:\/\/inclusioaltemporda.cat\/portal\/wp-json\/wp\/v2\/posts\/5886\/revisions"}],"predecessor-version":[{"id":5917,"href":"https:\/\/inclusioaltemporda.cat\/portal\/wp-json\/wp\/v2\/posts\/5886\/revisions\/5917"}],"wp:featuredmedia":[{"embeddable":true,"href":"https:\/\/inclusioaltemporda.cat\/portal\/wp-json\/wp\/v2\/media\/5896"}],"wp:attachment":[{"href":"https:\/\/inclusioaltemporda.cat\/portal\/wp-json\/wp\/v2\/media?parent=5886"}],"wp:term":[{"taxonomy":"category","embeddable":true,"href":"https:\/\/inclusioaltemporda.cat\/portal\/wp-json\/wp\/v2\/categories?post=5886"},{"taxonomy":"post_tag","embeddable":true,"href":"https:\/\/inclusioaltemporda.cat\/portal\/wp-json\/wp\/v2\/tags?post=5886"}],"curies":[{"name":"wp","href":"https:\/\/api.w.org\/{rel}","templated":true}]}}