{"id":5899,"date":"2016-06-13T10:00:45","date_gmt":"2016-06-13T09:00:45","guid":{"rendered":"https:\/\/inclusioaltemporda.cat\/portal\/?p=5899"},"modified":"2016-06-13T13:09:15","modified_gmt":"2016-06-13T12:09:15","slug":"jornada-nosaltres-2016-la-gestio-de-les-emocions-i-el-proces-migratori-eines-per-a-la-intervencio-professionals","status":"publish","type":"post","link":"https:\/\/inclusioaltemporda.cat\/portal\/jornada-nosaltres-2016-la-gestio-de-les-emocions-i-el-proces-migratori-eines-per-a-la-intervencio-professionals\/","title":{"rendered":"Jornada Nos+Altres 2016 &#8220;La gesti\u00f3 de les emocions i el proc\u00e9s migratori: eines per a la intervenci\u00f3 professional&#8221;"},"content":{"rendered":"<p>El proper\u00a022 de juny es celebrar\u00e0 la 10a edici\u00f3 del cicle de jornades entorn la nova ciutadania, Nos+Altres, que anualment organitza el Consell Comarcal de l&#8217;Alt Empord\u00e0\u00a0i l&#8217;Ajuntament de Figueres, amb el suport de la Secretaria d&#8217;Igualtat, Migracions i Ciutadania. Enguany la jornada portar\u00e0 per t\u00edtol \u201c<a href=\"https:\/\/inclusioaltemporda.cat\/portal\/wp-content\/uploads\/nosaltres-2016.jpg\" target=\"_blank\">La gesti\u00f3 de les emocions i el proc\u00e9s migratori: eines per la intervenci\u00f3 professional<\/a>\u201d.<\/p>\n<p>La Jornada, que \u00e9s oberta al p\u00fablic en general, t\u00e9 com a principal objectiu sensibilitzar la poblaci\u00f3\u00a0 sobre els reptes que la diversitat genera per al conjunt de la nostra societat, i alhora oferir eines de treball als professionals que quotidianament treballen en un context marcat per la diversitat cultural, fent front als reptes que aquesta genera.<\/p>\n<p>El Nos+Altres, que es dur\u00e0 a terme a la Seu del Consell Comarcal de 9h a 13:15h, comptar\u00e0 amb la participaci\u00f3 del Psiquiatre i escriptor, Joseba Achotegi, que impartir\u00e0 la pon\u00e8ncia &#8220;Migracions, crisi econ\u00f2mica i salut mental: un abordatge des de l&#8217;Acci\u00f3 Social&#8221; i del Col\u00b7lectiu i+, professionals per la diversitat, que impartiran la pon\u00e8ncia i exposici\u00f3 de situacions pr\u00e0ctiques &#8220;Mirada i emocions vinculades al treball amb la diversitat&#8221;.<\/p>\n<p>Les inscripcions es poden fer fins el dia 20 de juny a l&#8217;\u00c0rea de Benestar del Consell Comarcal (Telf. 972.67.70.50; mail. ssocials@altemporda.cat) o als Servei d&#8217;Immigraci\u00f3 i Diversitat de l&#8217;Ajuntament de Figueres (Telf. 972.67.46.69; mail. cnoguera@figueres.org o zrotbi@figueres.org)<\/p>\n<p>&nbsp;<\/p>\n","protected":false},"excerpt":{"rendered":"<p>El proper 22 de juny es celebrar\u00e0 la 10a edici\u00f3 del cicle de jornades entorn la nova ciutadania, Nos+Altres, que anualment organitza el Consell Comarcal de l&#8217;Alt Empord\u00e0 i l&#8217;Ajuntament de Figueres.<\/p>\n","protected":false},"author":2,"featured_media":4786,"comment_status":"closed","ping_status":"closed","sticky":false,"template":"","format":"standard","meta":{"footnotes":""},"categories":[106,33,100,101,105,104,103,1,108,12,102],"tags":[],"class_list":["post-5899","post","type-post","status-publish","format-standard","has-post-thumbnail","hentry","category-administracions","category-agenda","category-area-benestar","category-ciutadania","category-empreses","category-entitats-socials","category-estudiants-escoles-instituts","category-general","category-mitjans-comunicacio","category-pla-dinclusio-2","category-professionals-ambit-social","category-106","category-33","category-100","category-101","category-105","category-104","category-103","category-1","category-108","category-12","category-102","description-off"],"_links":{"self":[{"href":"https:\/\/inclusioaltemporda.cat\/portal\/wp-json\/wp\/v2\/posts\/5899","targetHints":{"allow":["GET"]}}],"collection":[{"href":"https:\/\/inclusioaltemporda.cat\/portal\/wp-json\/wp\/v2\/posts"}],"about":[{"href":"https:\/\/inclusioaltemporda.cat\/portal\/wp-json\/wp\/v2\/types\/post"}],"author":[{"embeddable":true,"href":"https:\/\/inclusioaltemporda.cat\/portal\/wp-json\/wp\/v2\/users\/2"}],"replies":[{"embeddable":true,"href":"https:\/\/inclusioaltemporda.cat\/portal\/wp-json\/wp\/v2\/comments?post=5899"}],"version-history":[{"count":4,"href":"https:\/\/inclusioaltemporda.cat\/portal\/wp-json\/wp\/v2\/posts\/5899\/revisions"}],"predecessor-version":[{"id":5906,"href":"https:\/\/inclusioaltemporda.cat\/portal\/wp-json\/wp\/v2\/posts\/5899\/revisions\/5906"}],"wp:featuredmedia":[{"embeddable":true,"href":"https:\/\/inclusioaltemporda.cat\/portal\/wp-json\/wp\/v2\/media\/4786"}],"wp:attachment":[{"href":"https:\/\/inclusioaltemporda.cat\/portal\/wp-json\/wp\/v2\/media?parent=5899"}],"wp:term":[{"taxonomy":"category","embeddable":true,"href":"https:\/\/inclusioaltemporda.cat\/portal\/wp-json\/wp\/v2\/categories?post=5899"},{"taxonomy":"post_tag","embeddable":true,"href":"https:\/\/inclusioaltemporda.cat\/portal\/wp-json\/wp\/v2\/tags?post=5899"}],"curies":[{"name":"wp","href":"https:\/\/api.w.org\/{rel}","templated":true}]}}