{"id":6028,"date":"2016-06-30T09:59:24","date_gmt":"2016-06-30T08:59:24","guid":{"rendered":"https:\/\/inclusioaltemporda.cat\/portal\/?p=6028"},"modified":"2016-06-30T11:11:30","modified_gmt":"2016-06-30T10:11:30","slug":"aquest-no-es-lespai-schengen-que-volem-nou-article-opinio-professional","status":"publish","type":"post","link":"https:\/\/inclusioaltemporda.cat\/portal\/aquest-no-es-lespai-schengen-que-volem-nou-article-opinio-professional\/","title":{"rendered":"&#8220;Aquest no \u00e9s l&#8217;espai Schengen que volem&#8221;, nou article Opini\u00f3 Professional"},"content":{"rendered":"<p>Recuperem la secci\u00f3 Opini\u00f3 Professional de la p\u00e0gina web amb l&#8217;article &#8220;Aquest no \u00e9s l&#8217;espai Schengen que volem&#8221; que signa Laia Albareda, t\u00e8cnica en pol\u00edtiques migrat\u00f2ries de l&#8217;\u00e0rea de Benestar del Consell Comarcal.<\/p>\n<p>En aquest article s&#8217;exposen les dificultats a les que han de fer front les persones de nacionalitat extracomunit\u00e0ria que volen emigrar al nord d&#8217;Europa des del nostre pa\u00eds, en un context en qu\u00e8 la Llei d&#8217;Estrangeria no afavoreix l&#8217;emigraci\u00f3 interna dins l&#8217;espai Schengen.<\/p>\n<p><a href=\"https:\/\/inclusioaltemporda.cat\/portal\/professionals\/\">Podeu accedir a l&#8217;article mitjan\u00e7ant aquest enlla\u00e7.<\/a><\/p>\n","protected":false},"excerpt":{"rendered":"<p>Recuperem la secci\u00f3 Opini\u00f3 Professional de la p\u00e0gina web amb l&#8217;article &#8220;Aquest no \u00e9s l&#8217;espai Schengen que volem&#8221; que signa Laia Albareda, t\u00e8cnica en pol\u00edtiques migrat\u00f2ries de l&#8217;\u00e0rea de Benestar del Consell Comarcal.<\/p>\n","protected":false},"author":3,"featured_media":6035,"comment_status":"closed","ping_status":"closed","sticky":false,"template":"","format":"standard","meta":{"footnotes":""},"categories":[106,100,107,101,105,104,103,1,108,102],"tags":[],"class_list":["post-6028","post","type-post","status-publish","format-standard","has-post-thumbnail","hentry","category-administracions","category-area-benestar","category-centres-recerca-universitats","category-ciutadania","category-empreses","category-entitats-socials","category-estudiants-escoles-instituts","category-general","category-mitjans-comunicacio","category-professionals-ambit-social","category-106","category-100","category-107","category-101","category-105","category-104","category-103","category-1","category-108","category-102","description-off"],"_links":{"self":[{"href":"https:\/\/inclusioaltemporda.cat\/portal\/wp-json\/wp\/v2\/posts\/6028","targetHints":{"allow":["GET"]}}],"collection":[{"href":"https:\/\/inclusioaltemporda.cat\/portal\/wp-json\/wp\/v2\/posts"}],"about":[{"href":"https:\/\/inclusioaltemporda.cat\/portal\/wp-json\/wp\/v2\/types\/post"}],"author":[{"embeddable":true,"href":"https:\/\/inclusioaltemporda.cat\/portal\/wp-json\/wp\/v2\/users\/3"}],"replies":[{"embeddable":true,"href":"https:\/\/inclusioaltemporda.cat\/portal\/wp-json\/wp\/v2\/comments?post=6028"}],"version-history":[{"count":5,"href":"https:\/\/inclusioaltemporda.cat\/portal\/wp-json\/wp\/v2\/posts\/6028\/revisions"}],"predecessor-version":[{"id":6040,"href":"https:\/\/inclusioaltemporda.cat\/portal\/wp-json\/wp\/v2\/posts\/6028\/revisions\/6040"}],"wp:featuredmedia":[{"embeddable":true,"href":"https:\/\/inclusioaltemporda.cat\/portal\/wp-json\/wp\/v2\/media\/6035"}],"wp:attachment":[{"href":"https:\/\/inclusioaltemporda.cat\/portal\/wp-json\/wp\/v2\/media?parent=6028"}],"wp:term":[{"taxonomy":"category","embeddable":true,"href":"https:\/\/inclusioaltemporda.cat\/portal\/wp-json\/wp\/v2\/categories?post=6028"},{"taxonomy":"post_tag","embeddable":true,"href":"https:\/\/inclusioaltemporda.cat\/portal\/wp-json\/wp\/v2\/tags?post=6028"}],"curies":[{"name":"wp","href":"https:\/\/api.w.org\/{rel}","templated":true}]}}