{"id":6051,"date":"2016-07-27T09:07:08","date_gmt":"2016-07-27T08:07:08","guid":{"rendered":"https:\/\/inclusioaltemporda.cat\/portal\/?p=6051"},"modified":"2016-07-27T09:58:25","modified_gmt":"2016-07-27T08:58:25","slug":"el-tastet-de-la-mediterrania-clou-el-projecte-teixint-comunitat-a-garriguella","status":"publish","type":"post","link":"https:\/\/inclusioaltemporda.cat\/portal\/el-tastet-de-la-mediterrania-clou-el-projecte-teixint-comunitat-a-garriguella\/","title":{"rendered":"El Tastet de la Mediterr\u00e0nia clou el projecte &#8220;Teixint Comunitat a Garriguella&#8221;"},"content":{"rendered":"<p>\u00abTeixint Comunitat a Garriguella\u00bb \u00e9s un projecte dut a terme amb fam\u00edlies d\u2019origen marroqu\u00ed i un grup de fam\u00edlies catalanes del poble durant aquest mes de juliol, promogut per l\u2019<a href=\"http:\/\/www.garriguella.cat\/\" target=\"_blank\">Ajuntament de Garriguella<\/a> amb la col\u00b7laboraci\u00f3 de l&#8217;\u2019\u00e0rea de Benestar del Consell Comarcal de l\u2019Alt Empord\u00e0 i Dipsalut.<\/p>\n<p>L\u2019objectiu principal del projecte ha estat el de fomentar un major coneixement entre les comunitats que conviuen a Garriguella a partir de l\u2019eix tem\u00e0tic de les cuines mediterr\u00e0nies, tot potenciant un major vincle social entre els ve\u00efns i les ve\u00efnes del municipi.<\/p>\n<p>\u00abTeixint Comunitat a Garriguella\u00bb ha constat de sis sessions de treball comunitari dinamitzades per l&#8217;equip de serveis socials b\u00e0sics del municipi i professionals dels serveis d&#8217;atenci\u00f3 a la diversitat del Consell, que conclouen aquesta tarda amb el <a href=\"https:\/\/inclusioaltemporda.cat\/portal\/wp-content\/uploads\/DSC_2083.jpg\" target=\"_blank\">Tastet de la Mediterr\u00e0nia<\/a>. Aquesta activitat final vol mostrar la riquesa i alhora la proximitat entre dues cultures Mediterr\u00e0nies a trav\u00e9s de les respectives cuines, totes elles banyades per un mateix mar i clima, que es nodreixen d\u2019uns ingredients b\u00e0sics molt semblants. El <a href=\"https:\/\/inclusioaltemporda.cat\/portal\/wp-content\/uploads\/DSC_2083.jpg\" target=\"_blank\">Tastet de la Mediterr\u00e0nia<\/a> es celebrar\u00e0 aquesta tarda a la Sala Sabater Forti\u00e0 del municipi a les 19h.<\/p>\n<p>La cuina ha estat una bona excusa per compartir olors, colors, sabors, textures i costums entre les persones participants. El projecte ha perm\u00e8s dialogar, aprendre i teixir comunitat entre les fam\u00edlies i els ve\u00efns i ve\u00efnes del poble.<\/p>\n","protected":false},"excerpt":{"rendered":"<p>El projecte dut a terme amb fam\u00edlies d\u2019origen marroqu\u00ed i un grup de fam\u00edlies catalanes del poble durant aquest mes de juliol, ha tingut com a objectiu el de fomentar un major coneixement entre les comunitats que conviuen a Garriguella a partir de l\u2019eix tem\u00e0tic de les cuines mediterr\u00e0nies<\/p>\n","protected":false},"author":2,"featured_media":6057,"comment_status":"closed","ping_status":"closed","sticky":false,"template":"","format":"standard","meta":{"footnotes":""},"categories":[106,33,100,107,101,103,1,108,12],"tags":[],"class_list":["post-6051","post","type-post","status-publish","format-standard","has-post-thumbnail","hentry","category-administracions","category-agenda","category-area-benestar","category-centres-recerca-universitats","category-ciutadania","category-estudiants-escoles-instituts","category-general","category-mitjans-comunicacio","category-pla-dinclusio-2","category-106","category-33","category-100","category-107","category-101","category-103","category-1","category-108","category-12","description-off"],"_links":{"self":[{"href":"https:\/\/inclusioaltemporda.cat\/portal\/wp-json\/wp\/v2\/posts\/6051","targetHints":{"allow":["GET"]}}],"collection":[{"href":"https:\/\/inclusioaltemporda.cat\/portal\/wp-json\/wp\/v2\/posts"}],"about":[{"href":"https:\/\/inclusioaltemporda.cat\/portal\/wp-json\/wp\/v2\/types\/post"}],"author":[{"embeddable":true,"href":"https:\/\/inclusioaltemporda.cat\/portal\/wp-json\/wp\/v2\/users\/2"}],"replies":[{"embeddable":true,"href":"https:\/\/inclusioaltemporda.cat\/portal\/wp-json\/wp\/v2\/comments?post=6051"}],"version-history":[{"count":4,"href":"https:\/\/inclusioaltemporda.cat\/portal\/wp-json\/wp\/v2\/posts\/6051\/revisions"}],"predecessor-version":[{"id":6058,"href":"https:\/\/inclusioaltemporda.cat\/portal\/wp-json\/wp\/v2\/posts\/6051\/revisions\/6058"}],"wp:featuredmedia":[{"embeddable":true,"href":"https:\/\/inclusioaltemporda.cat\/portal\/wp-json\/wp\/v2\/media\/6057"}],"wp:attachment":[{"href":"https:\/\/inclusioaltemporda.cat\/portal\/wp-json\/wp\/v2\/media?parent=6051"}],"wp:term":[{"taxonomy":"category","embeddable":true,"href":"https:\/\/inclusioaltemporda.cat\/portal\/wp-json\/wp\/v2\/categories?post=6051"},{"taxonomy":"post_tag","embeddable":true,"href":"https:\/\/inclusioaltemporda.cat\/portal\/wp-json\/wp\/v2\/tags?post=6051"}],"curies":[{"name":"wp","href":"https:\/\/api.w.org\/{rel}","templated":true}]}}