{"id":6070,"date":"2016-08-16T08:06:11","date_gmt":"2016-08-16T07:06:11","guid":{"rendered":"https:\/\/inclusioaltemporda.cat\/portal\/?p=6070"},"modified":"2016-08-16T08:06:11","modified_gmt":"2016-08-16T07:06:11","slug":"el-projecte-de-caritas-grans-experts-guanya-el-premi-dinclusio-social-2016","status":"publish","type":"post","link":"https:\/\/inclusioaltemporda.cat\/portal\/el-projecte-de-caritas-grans-experts-guanya-el-premi-dinclusio-social-2016\/","title":{"rendered":"El projecte de C\u00e0ritas &#8220;Grans experts&#8221; guanya el Premi d&#8217;Inclusi\u00f3 Social 2016"},"content":{"rendered":"<p>El Consell Comarcal de l&#8217;Alt Empord\u00e0 ha acordat atorgar el Premi Inclusi\u00f3 Social 2016 al projecte &#8220;Grans Experts&#8221; de C\u00e0ritas Diocesana de Girona. Es tracta d&#8217;una iniciativa intergenracional promoguda per C\u00e0ritas als municipis de Cadaqu\u00e9s, l&#8217;Escala, Roses i Figueres que t\u00e9 com a finalitat promoure l&#8217;envelliment actiu i la inclusi\u00f3 social de les persones de major edat a trav\u00e9s d&#8217;una activitat que posa en valor la seva experi\u00e8ncia i coneixement, i l&#8217;aprenentatge conjunt amb infants i joves.<\/p>\n<p>El projecte, adre\u00e7at a persones grans que viuen soles o en centres geri\u00e0trics i alumnes d&#8217;educaci\u00f3 prim\u00e0ria de les escoles dels municipis, pret\u00e9n posar en valor el paper i capacitats de les persones m\u00e9s grans a trav\u00e9s de la seva participaci\u00f3 a l&#8217;aula en activitats formatives puntuals que permetin complementar el coneixement i valors transmesos per l&#8217;escola amb l&#8217;experi\u00e8ncia de les persones de major edat. En aquest sentit el projecte tamb\u00e9 t\u00e9 com a objectiu la sensibilitzaci\u00f3 d&#8217;infants i joves sobre el paper clau que desenvolupen les persones grans a la nostra societat.<\/p>\n<p>El premi Inclusi\u00f3 Social 2015 dotat amb 6.000 euros permetr\u00e0 que durant el proper curs vuit persones majors de 65 anys i 200 nens i nenes de les escoles dels municipis esmentats participin en aquesta activitat, experimentant els beneficis per ambd\u00f3s tant a nivell emocional, com d&#8217;aprenentatges i de sensibilitzaci\u00f3, que la prova pilot del projecte duta a terme enguany a Girona ha evidenciat.<\/p>\n<p>El Concurs de Projectes d&#8217;Inclusi\u00f3 Social t\u00e9 com a objectiu fer emergir iniciatives innovadores en l\u2019\u00e0mbit de la inclusi\u00f3 i la cohesi\u00f3 social i finan\u00e7ar projectes en el territori. Aquesta iniciativa, que s\u2019emmarca en el Pla d\u2019Inclusi\u00f3 i Cohesi\u00f3 Social de l\u2019Alt Empord\u00e0, t\u00e9 com a finalitat millorar les condicions de vida de la poblaci\u00f3 de la comarca i refor\u00e7ar la cohesi\u00f3 social.<\/p>\n<p>Han pogut participar en el concurs persones f\u00edsiques, entitats sense \u00e0nim de lucre, associacions, petites i mitjanes empreses i equips o centres de recerca d\u2019universitats, que presentin projectes d\u2019inclusi\u00f3 social a desenvolupar en un o m\u00e9s municipis de la comarca de l\u2019Alt Empord\u00e0.<\/p>\n","protected":false},"excerpt":{"rendered":"<p>Es tracta d&#8217;una iniciativa intergenracional promoguda per C\u00e0ritas que t\u00e9 com a finalitat promoure l&#8217;envelliment actiu i la inclusi\u00f3 social de les persones de major edat <\/p>\n","protected":false},"author":2,"featured_media":5831,"comment_status":"closed","ping_status":"closed","sticky":false,"template":"","format":"standard","meta":{"footnotes":""},"categories":[106,100,107,101,105,104,103,1,108,12,11],"tags":[],"class_list":["post-6070","post","type-post","status-publish","format-standard","has-post-thumbnail","hentry","category-administracions","category-area-benestar","category-centres-recerca-universitats","category-ciutadania","category-empreses","category-entitats-socials","category-estudiants-escoles-instituts","category-general","category-mitjans-comunicacio","category-pla-dinclusio-2","category-taula-inclusio","category-106","category-100","category-107","category-101","category-105","category-104","category-103","category-1","category-108","category-12","category-11","description-off"],"_links":{"self":[{"href":"https:\/\/inclusioaltemporda.cat\/portal\/wp-json\/wp\/v2\/posts\/6070","targetHints":{"allow":["GET"]}}],"collection":[{"href":"https:\/\/inclusioaltemporda.cat\/portal\/wp-json\/wp\/v2\/posts"}],"about":[{"href":"https:\/\/inclusioaltemporda.cat\/portal\/wp-json\/wp\/v2\/types\/post"}],"author":[{"embeddable":true,"href":"https:\/\/inclusioaltemporda.cat\/portal\/wp-json\/wp\/v2\/users\/2"}],"replies":[{"embeddable":true,"href":"https:\/\/inclusioaltemporda.cat\/portal\/wp-json\/wp\/v2\/comments?post=6070"}],"version-history":[{"count":1,"href":"https:\/\/inclusioaltemporda.cat\/portal\/wp-json\/wp\/v2\/posts\/6070\/revisions"}],"predecessor-version":[{"id":6071,"href":"https:\/\/inclusioaltemporda.cat\/portal\/wp-json\/wp\/v2\/posts\/6070\/revisions\/6071"}],"wp:featuredmedia":[{"embeddable":true,"href":"https:\/\/inclusioaltemporda.cat\/portal\/wp-json\/wp\/v2\/media\/5831"}],"wp:attachment":[{"href":"https:\/\/inclusioaltemporda.cat\/portal\/wp-json\/wp\/v2\/media?parent=6070"}],"wp:term":[{"taxonomy":"category","embeddable":true,"href":"https:\/\/inclusioaltemporda.cat\/portal\/wp-json\/wp\/v2\/categories?post=6070"},{"taxonomy":"post_tag","embeddable":true,"href":"https:\/\/inclusioaltemporda.cat\/portal\/wp-json\/wp\/v2\/tags?post=6070"}],"curies":[{"name":"wp","href":"https:\/\/api.w.org\/{rel}","templated":true}]}}