{"id":6092,"date":"2016-10-04T07:17:33","date_gmt":"2016-10-04T06:17:33","guid":{"rendered":"https:\/\/inclusioaltemporda.cat\/portal\/?p=6092"},"modified":"2016-10-04T07:51:36","modified_gmt":"2016-10-04T06:51:36","slug":"60-alt-emporda-propostes-per-a-un-envelliment-actiu","status":"publish","type":"post","link":"https:\/\/inclusioaltemporda.cat\/portal\/60-alt-emporda-propostes-per-a-un-envelliment-actiu\/","title":{"rendered":"&#8220;+60 Alt Empord\u00e0. Propostes per a un envelliment actiu&#8221; obre un proc\u00e9s de reflexi\u00f3 sobre les pol\u00edtiques locals per a gent gran"},"content":{"rendered":"<p>+60 Alt Empord\u00e0. Propostes per a un envelliment actiu \u00e9s un proc\u00e9s de participaci\u00f3 per a la definici\u00f3 de pol\u00edtiques locals d&#8217;envelliment actiu promogut pel Pla per a la Inclusi\u00f3 i la Cohesi\u00f3 social de l&#8217;Alt Empord\u00e0 del Consell Comarcal de l&#8217;Alt Empord\u00e0 amb la col\u00b7laboraci\u00f3 dels ajuntaments de Borrass\u00e0, Castell\u00f3 d&#8217;Emp\u00faries, L&#8217;Escala, Llan\u00e7\u00e0, Roses i Vilafant.<\/p>\n<p>+60 Alt Empord\u00e0 vol obrir un proc\u00e9s de reflexi\u00f3 sobre l&#8217;envelliment actiu a la comarca amb la finalitat d&#8217;acordar accions i fer una proposta de recomanacions als ajuntaments per a millorar la qualitat de vida de les persones m\u00e9s grans que resideixen a la comarca.<\/p>\n<p>L&#8217;envelliment de la poblaci\u00f3 al m\u00f3n occidental \u00e9s un proc\u00e9s irreversible que produir\u00e0 canvis socials en les properes d\u00e8cades al conjunt de les societats europees. Les generacions que estan envellint a tot Europa comparteixen una caracter\u00edstica comuna: valoren extraordin\u00e0riament la capacitat d&#8217;envellir de forma aut\u00f2noma i activa. L&#8217;entrada a la vellesa, a trav\u00e9s de la jubilaci\u00f3, es reconeix com un moment en qu\u00e8 \u00e9s important introduir canvis en la vida, comen\u00e7ar a desenvolupar nous projectes, cuidar la salut f\u00edsica i mental o gaudir d&#8217;iniciatives que no s&#8217;han pogut explorar en la vida adulta.<\/p>\n<p>En el marc d\u2019aquesta iniciativa l&#8217;Equip T\u00e8cnic d&#8217;Inclusi\u00f3 ha elaborat la recerca <a href=\"http:\/\/mes60.cat\/recerca-fer-se-gran-a-lalt-emporda\/\" target=\"_blank\">Fer-se gran a l&#8217;Alt Empord\u00e0. Proposta d&#8217;accions locals per a l&#8217;envelliment actiu<\/a>. La recerca ha constatat que l\u2019envelliment de la poblaci\u00f3 de la comarca, que ja \u00e9s un fet en l\u2019actualitat, anir\u00e0 a l\u2019al\u00e7a els propers anys. De la mateixa manera tamb\u00e9 ha evidenciat l\u2019exist\u00e8ncia de 23 perfils d\u2019envelliment diferents, amb necessitats especifiques, que responen a una \u00e0mplia diversitat de formes de viure, plantejar-se i fer front al proc\u00e9s d\u2019envelliment.<\/p>\n<p>El creixement del nombre de persones que arriben a grans, i l\u2019\u00e0mplia diversitat de formes d\u2019envellir accentua i posa de manifest nous escenaris des dels quals caldr\u00e0 pensar les actuacions adre\u00e7ades a la poblaci\u00f3 de m\u00e9s edat.<\/p>\n<p>El proc\u00e9s de participaci\u00f3 es concretar\u00e0 en la realitzaci\u00f3 de 3 tallers de participaci\u00f3 en cadascun dels municipis que col\u00b7laboren en el seu desplegament. Paral\u00b7lelament +60 Alt Empord\u00e0 comptar\u00e0 amb el<a href=\"http:\/\/mes60.cat\/\" target=\"_blank\"> web www.mes60.cat<\/a>, que disposar\u00e0 d&#8217;un espai de participaci\u00f3 a trav\u00e9s del qual les persones +60 de la comarca podran fer arribar les seves opinions i propostes en relaci\u00f3 a les tem\u00e0tiques treballades en el proc\u00e9s de participaci\u00f3.<\/p>\n<p>+60 Alt Empord\u00e0 \u00e9s un proc\u00e9s de treball \u00fanic i innovador amb poblaci\u00f3 +60 que resideix en un entorn rural. Aquest projecte ofereix als municipis una eina per a la definici\u00f3 de pol\u00edtiques d&#8217;envelliment actiu ajustades a la realitat local, basada en la implicaci\u00f3 de la poblaci\u00f3 +60 en un proc\u00e9s de treball comunitari amb la participaci\u00f3 de diversos agents.<\/p>\n<p>+60 Alt Empord\u00e0 t\u00e9 l&#8217;origen en una acci\u00f3 del Pla d\u2019Inclusi\u00f3 que va ser proposada pel Consell Consultiu de la Gent Gran de l&#8217;Alt Empord\u00e0 amb l\u2019objectiu de promoure un proc\u00e9s de reflexi\u00f3 al voltant de les pol\u00edtiques per a gent gran a la comarca.<\/p>\n","protected":false},"excerpt":{"rendered":"<p>El Consell Comarcal i el ajuntaments de Borrass\u00e0, Castell\u00f3 d\u2019Emp\u00faries, Llan\u00e7\u00e0, L\u2019Escala, Roses i Vilafant promouen un proc\u00e9s reflexi\u00f3 sobre les pol\u00edtiques per a gent gran a la comarca.<\/p>\n","protected":false},"author":2,"featured_media":6093,"comment_status":"closed","ping_status":"closed","sticky":false,"template":"","format":"standard","meta":{"footnotes":""},"categories":[106,100,107,101,105,104,1,108,12],"tags":[],"class_list":["post-6092","post","type-post","status-publish","format-standard","has-post-thumbnail","hentry","category-administracions","category-area-benestar","category-centres-recerca-universitats","category-ciutadania","category-empreses","category-entitats-socials","category-general","category-mitjans-comunicacio","category-pla-dinclusio-2","category-106","category-100","category-107","category-101","category-105","category-104","category-1","category-108","category-12","description-off"],"_links":{"self":[{"href":"https:\/\/inclusioaltemporda.cat\/portal\/wp-json\/wp\/v2\/posts\/6092","targetHints":{"allow":["GET"]}}],"collection":[{"href":"https:\/\/inclusioaltemporda.cat\/portal\/wp-json\/wp\/v2\/posts"}],"about":[{"href":"https:\/\/inclusioaltemporda.cat\/portal\/wp-json\/wp\/v2\/types\/post"}],"author":[{"embeddable":true,"href":"https:\/\/inclusioaltemporda.cat\/portal\/wp-json\/wp\/v2\/users\/2"}],"replies":[{"embeddable":true,"href":"https:\/\/inclusioaltemporda.cat\/portal\/wp-json\/wp\/v2\/comments?post=6092"}],"version-history":[{"count":6,"href":"https:\/\/inclusioaltemporda.cat\/portal\/wp-json\/wp\/v2\/posts\/6092\/revisions"}],"predecessor-version":[{"id":6095,"href":"https:\/\/inclusioaltemporda.cat\/portal\/wp-json\/wp\/v2\/posts\/6092\/revisions\/6095"}],"wp:featuredmedia":[{"embeddable":true,"href":"https:\/\/inclusioaltemporda.cat\/portal\/wp-json\/wp\/v2\/media\/6093"}],"wp:attachment":[{"href":"https:\/\/inclusioaltemporda.cat\/portal\/wp-json\/wp\/v2\/media?parent=6092"}],"wp:term":[{"taxonomy":"category","embeddable":true,"href":"https:\/\/inclusioaltemporda.cat\/portal\/wp-json\/wp\/v2\/categories?post=6092"},{"taxonomy":"post_tag","embeddable":true,"href":"https:\/\/inclusioaltemporda.cat\/portal\/wp-json\/wp\/v2\/tags?post=6092"}],"curies":[{"name":"wp","href":"https:\/\/api.w.org\/{rel}","templated":true}]}}