{"id":6101,"date":"2016-10-11T15:00:57","date_gmt":"2016-10-11T14:00:57","guid":{"rendered":"https:\/\/inclusioaltemporda.cat\/portal\/?p=6101"},"modified":"2016-10-11T10:46:23","modified_gmt":"2016-10-11T09:46:23","slug":"en-marxa-ledicio-de-tardor-dels-tallers-de-memoria-i-gimnas-per-a-gent-gran","status":"publish","type":"post","link":"https:\/\/inclusioaltemporda.cat\/portal\/en-marxa-ledicio-de-tardor-dels-tallers-de-memoria-i-gimnas-per-a-gent-gran\/","title":{"rendered":"En marxa l&#8217;edici\u00f3 de tardor dels Tallers de mem\u00f2ria i gimn\u00e0s per a gent gran"},"content":{"rendered":"<p>Aquest mes de setembre es posa en marxa l&#8217;edici\u00f3 de tardor dels Tallers de Mem\u00f2ria i els Tallers de Gimn\u00e0s per a gent gran a diferents municipis de la comarca.<\/p>\n<p>Aquests tallers, promoguts i impartits per professionals de l\u2019\u00e0rea de Benestar del Consell Comarcal tenen com a finalitat promoure un envelliment actiu de la poblaci\u00f3 de la comarca.<\/p>\n<p>Els tallers s\u2019adrecen a les persones majors de 65 anys i es fan en els municipis que han sol\u00b7licitat aquesta activitat mitjan\u00e7ant el seu ajuntament. La finalitat d\u2019aquestes activitats \u00e9s treballar de forma \u00edntegra l\u2019estimulaci\u00f3 de les capacitats f\u00edsiques i mentals de les persones grans.<\/p>\n<p>El Taller de Mem\u00f2ria facilita un entrenament de les capacitats que intervenen en la mem\u00f2ria i altres facultats mentals associades. Aquesta activitat consta de diferents sessions d\u2019una hora setmanal.<\/p>\n<p>El Taller de Gimn\u00e0s t\u00e9 com a finalitat mantenir la forma f\u00edsica i promoure un envelliment saludable. Les activitats programades permeten mantenir i millorar les capacitats f\u00edsiques, treballar la mobilitat, la for\u00e7a, la flexibilitat, la coordinaci\u00f3, l\u2019equilibri i la respiraci\u00f3. El Taller tamb\u00e9 facilita t\u00e8cniques de relaxaci\u00f3 i bons h\u00e0bits per prevenir lesions. El Taller es duu a terme en diferents sessions d\u2019una hora setmanal.<\/p>\n<p>Aquesta tardor es faran 34 Tallers de Mem\u00f2ria als municipis seg\u00fcents: Albany\u00e0, Avinyonet de Puigvent\u00f3s, Biure, Boadella, Cabanes, Cadaqu\u00e9s, Colera, Darnius, L&#8217;Escala, Espolla,\u00a0 El Far d&#8217;Empord\u00e0, La Jonquera, Llad\u00f3, Llan\u00e7\u00e0, Llers, Mollet de Peralada, Navata, Masarac, Roses, Sant Climent Sescebes, Sant Miquel de Fluvi\u00e0, Sant Pere Pescador, Santa Llogaia d&#8217;\u00c0lguema, Terrades, Vilafant, Vilamalla i Vilanova de la Muga<\/p>\n<p>Tamb\u00e9 s\u2019han programat 9Tallers de Gimn\u00e0s als municipis seg\u00fcents: Cantallops, Capmany, Colera, El Far d&#8217;Empord\u00e0, Forti\u00e0, Llan\u00e7\u00e0, Palau de Santa Eul\u00e0lia, Pau i Selva de Mar<\/p>\n<p>Si teniu inter\u00e8s a participar en algun d\u2019aquests Tallers, <a href=\"https:\/\/inclusioaltemporda.cat\/portal\/wp-content\/uploads\/Tallers-Mem\u00f2ria_tardor-2016.pdf\" target=\"_blank\">podeu consultar municipis i horaris en aquest enlla\u00e7<\/a>.<\/p>\n","protected":false},"excerpt":{"rendered":"<p>Aquest mes de setembre es posa en marxa l&#8217;edici\u00f3 de tardor dels Tallers de Mem\u00f2ria i els Tallers de Gimn\u00e0s per a gent gran a diferents municipis de la comarca.&hellip;<\/p>\n","protected":false},"author":2,"featured_media":5119,"comment_status":"closed","ping_status":"closed","sticky":false,"template":"","format":"standard","meta":{"footnotes":""},"categories":[106,33,100,101,1,108],"tags":[],"class_list":["post-6101","post","type-post","status-publish","format-standard","has-post-thumbnail","hentry","category-administracions","category-agenda","category-area-benestar","category-ciutadania","category-general","category-mitjans-comunicacio","category-106","category-33","category-100","category-101","category-1","category-108","description-off"],"_links":{"self":[{"href":"https:\/\/inclusioaltemporda.cat\/portal\/wp-json\/wp\/v2\/posts\/6101","targetHints":{"allow":["GET"]}}],"collection":[{"href":"https:\/\/inclusioaltemporda.cat\/portal\/wp-json\/wp\/v2\/posts"}],"about":[{"href":"https:\/\/inclusioaltemporda.cat\/portal\/wp-json\/wp\/v2\/types\/post"}],"author":[{"embeddable":true,"href":"https:\/\/inclusioaltemporda.cat\/portal\/wp-json\/wp\/v2\/users\/2"}],"replies":[{"embeddable":true,"href":"https:\/\/inclusioaltemporda.cat\/portal\/wp-json\/wp\/v2\/comments?post=6101"}],"version-history":[{"count":2,"href":"https:\/\/inclusioaltemporda.cat\/portal\/wp-json\/wp\/v2\/posts\/6101\/revisions"}],"predecessor-version":[{"id":6621,"href":"https:\/\/inclusioaltemporda.cat\/portal\/wp-json\/wp\/v2\/posts\/6101\/revisions\/6621"}],"wp:featuredmedia":[{"embeddable":true,"href":"https:\/\/inclusioaltemporda.cat\/portal\/wp-json\/wp\/v2\/media\/5119"}],"wp:attachment":[{"href":"https:\/\/inclusioaltemporda.cat\/portal\/wp-json\/wp\/v2\/media?parent=6101"}],"wp:term":[{"taxonomy":"category","embeddable":true,"href":"https:\/\/inclusioaltemporda.cat\/portal\/wp-json\/wp\/v2\/categories?post=6101"},{"taxonomy":"post_tag","embeddable":true,"href":"https:\/\/inclusioaltemporda.cat\/portal\/wp-json\/wp\/v2\/tags?post=6101"}],"curies":[{"name":"wp","href":"https:\/\/api.w.org\/{rel}","templated":true}]}}