{"id":6104,"date":"2016-10-14T14:09:24","date_gmt":"2016-10-14T13:09:24","guid":{"rendered":"https:\/\/inclusioaltemporda.cat\/portal\/?p=6104"},"modified":"2016-10-14T14:09:24","modified_gmt":"2016-10-14T13:09:24","slug":"sessions-de-participacio-del-projecte-60-alt-emporda-a-borrassa-llanca-i-vilafant","status":"publish","type":"post","link":"https:\/\/inclusioaltemporda.cat\/portal\/sessions-de-participacio-del-projecte-60-alt-emporda-a-borrassa-llanca-i-vilafant\/","title":{"rendered":"Sessions de participaci\u00f3 del projecte +60 Alt Empord\u00e0 a Borrass\u00e0, Llan\u00e7\u00e0 i Vilafant"},"content":{"rendered":"<p>Programades les primeres sessions del projecte +60 Alt Empord\u00e0. Propostes per a una envelliment actiu<\/p>\n<p>Les sessions de participaci\u00f3 del proc\u00e9s de participaci\u00f3 +60 Alt Empord\u00e0. Propostes per a un envelliment actiu s\u2019inicien la darrera setmana d&#8217;octubre als municipis de Borrass\u00e0, Llan\u00e7\u00e0 i Vilafant.<\/p>\n<p><a href=\"http:\/\/mes60.cat\/\">+60 Alt Empord\u00e0. Propostes per a un envelliment actiu<\/a> \u00e9s un proc\u00e9s de participaci\u00f3 per a la definici\u00f3 de pol\u00edtiques i actuacions locals d&#8217;envelliment actiu promogut pel Pla per a la Inclusi\u00f3 i la Cohesi\u00f3 social de l&#8217;Alt Empord\u00e0 2013-2016 del Consell Comarcal de l&#8217;Alt Empord\u00e0 amb la col\u00b7laboraci\u00f3 dels ajuntaments de Borrass\u00e0, Castell\u00f3 d&#8217;Emp\u00faries, L&#8217;Escala, Llan\u00e7\u00e0, Roses i Vilafant.<\/p>\n<p>+60 Alt Empord\u00e0 vol obrir un proc\u00e9s de reflexi\u00f3 sobre l&#8217;envelliment actiu a la comarca amb la finalitat d&#8217;acordar accions i fer una proposta de recomanacions als ajuntaments per a millorar la qualitat de vida de les persones m\u00e9s grans que resideixen a la comarca.<\/p>\n<p>El projecte preveu la realitzaci\u00f3 de 3 sessions de participaci\u00f3 en cadascun dels municipis que col\u00b7laboren en el desplegament del proc\u00e9s de participaci\u00f3. Les sessions de de participaci\u00f3, que s\u2019iniciaran la darrera setmana d\u2019octubre, tenen com a objectiu millorar el coneixement sobre les situaci\u00f3 i necessitats de les persones +60 del municipi per tal de definir l\u00ednies de treball i accions i acordar prioritats d\u2019intervenci\u00f3 en cadascun dels municipis que participen en el projecte.<\/p>\n<p>Les sessions de participaci\u00f3 estan dirigides a la poblaci\u00f3 +60 del municipi i a les entitats locals. Les places del tallers s\u00f3n limitades, pel que \u00e9s indispensable fer la inscripci\u00f3 pr\u00e8via a trav\u00e9s del web <a href=\"http:\/\/mes60.cat\/inscripcio\">http:\/\/mes60.cat\/inscripcio<\/a> o adre\u00e7ant-se a l\u2019ajuntament del municipi.<\/p>\n<p>Les sessions als municipis de Borrass\u00e0, Llan\u00e7\u00e0 i Vilafant estan previstes per als seg\u00fcents dies:<\/p>\n<p><strong>Borrass\u00e0<\/strong><\/p>\n<p>Sessi\u00f3 1: 25 d\u2019octubre; Sessi\u00f3 2: 3 de novembre; Sessi\u00f3 3: 8 de novembre<\/p>\n<p>Horari: 18:00 \u2013 20:00h<\/p>\n<p>Lloc: Sala Tramuntana<\/p>\n<p><span lang=\"ca-ES\"><a href=\"http:\/\/mes60.cat\/wp-content\/uploads\/D%C3%8DPTIC-60-BORRASS%C3%80.pdf\" target=\"_blank\">M\u00e9s informaci\u00f3<\/a> i inscripcions a l\u2019Ajuntament de Borrass\u00e0 o al web <\/span><a href=\"http:\/\/www.mes60.cat\/inscripcio\/\">www.mes60.cat\/inscripcio\/<\/a><\/p>\n<p><strong>Llan\u00e7\u00e0<\/strong><\/p>\n<p>Sessi\u00f3 1: 24 d\u2019octubre; Sessi\u00f3 2: 2 de novembre; Sessi\u00f3 3: 7 de novembre<\/p>\n<p>Horari: 9:30 \u2013 11:30h<\/p>\n<p>Lloc: Sala de confer\u00e8ncies de la Casa de cultura<\/p>\n<p><span lang=\"ca-ES\"><a href=\"http:\/\/mes60.cat\/wp-content\/uploads\/D%C3%8DPTIC-60-BORRASS%C3%80.pdf\" target=\"_blank\">M\u00e9s informaci\u00f3<\/a> i inscripcions a l\u2019Ajuntament de Llan\u00e7\u00e0 (Oficina d\u2019Atenci\u00f3 al Ciutad\u00e0; de dilluns a divendres de 9:30 a 14h; Telf. 972.380.181) i al web <\/span><a href=\"http:\/\/www.mes60.cat\/inscripcio\/\">www.mes60.cat\/<\/a><a href=\"http:\/\/www.mes60.cat\/inscripcio\/\">inscripcio\/<\/a><\/p>\n<p><strong>Vilafant<\/strong><\/p>\n<p>Sessi\u00f3 1: 25 d\u2019octubre; Sessi\u00f3 2: 3 de novembre; Sessi\u00f3 3: 8 de novembre<\/p>\n<p>Horari: 9:30 \u2013 11:30h<\/p>\n<p>Lloc: Casal de la Gent Gran del nucli antic<\/p>\n<p><span lang=\"ca-ES\"><a href=\"http:\/\/mes60.cat\/wp-content\/uploads\/D%C3%8DPTIC-60-VILAFANT.pdf\" target=\"_blank\">M\u00e9s informaci\u00f3<\/a> i inscripcions a l\u2019Ajuntament de Vilafant (Oficina Municipal d\u2019Atenci\u00f3 Ciutadana; de dilluns a divendres de 8:00 a 14h; Telf. 972.546.020) o al web <\/span><a href=\"http:\/\/www.mes60.cat\/inscripcio\/\">www.mes60.cat\/inscripcio\/<\/a><\/p>\n","protected":false},"excerpt":{"rendered":"<p>Les sessions de participaci\u00f3 del proc\u00e9s de participaci\u00f3 +60 Alt Empord\u00e0. Propostes per a un envelliment actiu s\u2019inicien la darrera setmana d&#8217;octubre als municipis de Borrass\u00e0, Llan\u00e7\u00e0 i Vilafant.<\/p>\n","protected":false},"author":2,"featured_media":2496,"comment_status":"closed","ping_status":"closed","sticky":false,"template":"","format":"standard","meta":{"footnotes":""},"categories":[106,33,100,107,101,105,104,1,108,12,11],"tags":[],"class_list":["post-6104","post","type-post","status-publish","format-standard","has-post-thumbnail","hentry","category-administracions","category-agenda","category-area-benestar","category-centres-recerca-universitats","category-ciutadania","category-empreses","category-entitats-socials","category-general","category-mitjans-comunicacio","category-pla-dinclusio-2","category-taula-inclusio","category-106","category-33","category-100","category-107","category-101","category-105","category-104","category-1","category-108","category-12","category-11","description-off"],"_links":{"self":[{"href":"https:\/\/inclusioaltemporda.cat\/portal\/wp-json\/wp\/v2\/posts\/6104","targetHints":{"allow":["GET"]}}],"collection":[{"href":"https:\/\/inclusioaltemporda.cat\/portal\/wp-json\/wp\/v2\/posts"}],"about":[{"href":"https:\/\/inclusioaltemporda.cat\/portal\/wp-json\/wp\/v2\/types\/post"}],"author":[{"embeddable":true,"href":"https:\/\/inclusioaltemporda.cat\/portal\/wp-json\/wp\/v2\/users\/2"}],"replies":[{"embeddable":true,"href":"https:\/\/inclusioaltemporda.cat\/portal\/wp-json\/wp\/v2\/comments?post=6104"}],"version-history":[{"count":1,"href":"https:\/\/inclusioaltemporda.cat\/portal\/wp-json\/wp\/v2\/posts\/6104\/revisions"}],"predecessor-version":[{"id":6105,"href":"https:\/\/inclusioaltemporda.cat\/portal\/wp-json\/wp\/v2\/posts\/6104\/revisions\/6105"}],"wp:featuredmedia":[{"embeddable":true,"href":"https:\/\/inclusioaltemporda.cat\/portal\/wp-json\/wp\/v2\/media\/2496"}],"wp:attachment":[{"href":"https:\/\/inclusioaltemporda.cat\/portal\/wp-json\/wp\/v2\/media?parent=6104"}],"wp:term":[{"taxonomy":"category","embeddable":true,"href":"https:\/\/inclusioaltemporda.cat\/portal\/wp-json\/wp\/v2\/categories?post=6104"},{"taxonomy":"post_tag","embeddable":true,"href":"https:\/\/inclusioaltemporda.cat\/portal\/wp-json\/wp\/v2\/tags?post=6104"}],"curies":[{"name":"wp","href":"https:\/\/api.w.org\/{rel}","templated":true}]}}