{"id":6108,"date":"2016-11-14T08:00:30","date_gmt":"2016-11-14T07:00:30","guid":{"rendered":"https:\/\/inclusioaltemporda.cat\/portal\/?p=6108"},"modified":"2016-11-07T13:59:10","modified_gmt":"2016-11-07T12:59:10","slug":"xii-jornades-de-formacio-per-a-professionals-de-llars-dinfants-la-violencia-masclista-afectacions-en-els-infants","status":"publish","type":"post","link":"https:\/\/inclusioaltemporda.cat\/portal\/xii-jornades-de-formacio-per-a-professionals-de-llars-dinfants-la-violencia-masclista-afectacions-en-els-infants\/","title":{"rendered":"XII Jornades de formaci\u00f3 per a professionals de llars d&#8217;infants: La viol\u00e8ncia masclista, afectacions en els infants"},"content":{"rendered":"<p>El Servei d&#8217;atenci\u00f3 a la Inf\u00e0ncia, Adolesc\u00e8ncia, Fam\u00edlies i Dona del Consell Comarcal organitza les XII Jornades de formaci\u00f3 per a professionals de llars d&#8217;infants de primer cicle d&#8217;educaci\u00f3 infantil de la comarca amb la voluntat d&#8217;oferir un espai de formaci\u00f3 de proximitat als professionals de l&#8217;\u00e0mbit educatiu de 0-3 anys.<\/p>\n<p>Les Jornades de formaci\u00f3, que tenen car\u00e0cter biennal, enguany versaran sobre la tem\u00e0tica de la viol\u00e8ncia masclista i la seva afectaci\u00f3 sobre els infants, i seran impartides per la Meritxell Pom\u00e9s Juncosa, que \u00e9s Llicenciada en Pedagogia i Educadora Social, i Coordinadora del Servei d&#8217;Atenci\u00f3 a la Inf\u00e0ncia, Adolesc\u00e8ncia, Fam\u00edlies i Dona del Consell Comarcal de l\u2019Alt Empord\u00e0.<\/p>\n<p>La present edici\u00f3 de les Jornades de formaci\u00f3 es celebrar\u00e0 el dissabte 26 de novembre de 9 a 14h a la sala d&#8217;actes del Consell Comarcal de l&#8217;Alt Empord\u00e0 (carrer Nou, 48 de Figueres). L&#8217;activitat t\u00e9 un cost de 10\u20ac.<\/p>\n<p>Si esteu interessats en inscriure-us a les jornades heu de fer arribar <a href=\"https:\/\/inclusioaltemporda.cat\/portal\/wp-content\/uploads\/full-inscripci\u00f3-1.doc\" target=\"_blank\">aquest full d&#8217;inscripci\u00f3<\/a> i el comprovant de pagament de la inscripci\u00f3 a les depend\u00e8ncies de l&#8217;\u00c0rea de Benestar del Consell Comarcal (carrer Nou, 48 de Figueres) abans del dia 18 de novembre. Podeu consultar el <a href=\"https:\/\/inclusioaltemporda.cat\/portal\/wp-content\/uploads\/DIPTIC-JORNADES-2016.pdf\" target=\"_blank\">programa complet en aquest enlla\u00e7<\/a>. Per a m\u00e9s informaci\u00f3 tamb\u00e9 podeu contactar amb l&#8217;organitzaci\u00f3 a trav\u00e9s del tel\u00e8fon 972.67.70.50.<\/p>\n","protected":false},"excerpt":{"rendered":"<p>La Jornada s&#8217;adre\u00e7a als professionals de llars d&#8217;infants de primer cicle d&#8217;educaci\u00f3 infantil de la comarca amb la voluntat d&#8217;oferir un espai de formaci\u00f3 de proximitat en l&#8217;\u00e0mbit educatiu de 0-3 anys.<\/p>\n","protected":false},"author":2,"featured_media":1729,"comment_status":"closed","ping_status":"closed","sticky":false,"template":"","format":"standard","meta":{"footnotes":""},"categories":[106,33,100,101,1,108,102],"tags":[],"class_list":["post-6108","post","type-post","status-publish","format-standard","has-post-thumbnail","hentry","category-administracions","category-agenda","category-area-benestar","category-ciutadania","category-general","category-mitjans-comunicacio","category-professionals-ambit-social","category-106","category-33","category-100","category-101","category-1","category-108","category-102","description-off"],"_links":{"self":[{"href":"https:\/\/inclusioaltemporda.cat\/portal\/wp-json\/wp\/v2\/posts\/6108","targetHints":{"allow":["GET"]}}],"collection":[{"href":"https:\/\/inclusioaltemporda.cat\/portal\/wp-json\/wp\/v2\/posts"}],"about":[{"href":"https:\/\/inclusioaltemporda.cat\/portal\/wp-json\/wp\/v2\/types\/post"}],"author":[{"embeddable":true,"href":"https:\/\/inclusioaltemporda.cat\/portal\/wp-json\/wp\/v2\/users\/2"}],"replies":[{"embeddable":true,"href":"https:\/\/inclusioaltemporda.cat\/portal\/wp-json\/wp\/v2\/comments?post=6108"}],"version-history":[{"count":2,"href":"https:\/\/inclusioaltemporda.cat\/portal\/wp-json\/wp\/v2\/posts\/6108\/revisions"}],"predecessor-version":[{"id":6876,"href":"https:\/\/inclusioaltemporda.cat\/portal\/wp-json\/wp\/v2\/posts\/6108\/revisions\/6876"}],"wp:featuredmedia":[{"embeddable":true,"href":"https:\/\/inclusioaltemporda.cat\/portal\/wp-json\/wp\/v2\/media\/1729"}],"wp:attachment":[{"href":"https:\/\/inclusioaltemporda.cat\/portal\/wp-json\/wp\/v2\/media?parent=6108"}],"wp:term":[{"taxonomy":"category","embeddable":true,"href":"https:\/\/inclusioaltemporda.cat\/portal\/wp-json\/wp\/v2\/categories?post=6108"},{"taxonomy":"post_tag","embeddable":true,"href":"https:\/\/inclusioaltemporda.cat\/portal\/wp-json\/wp\/v2\/tags?post=6108"}],"curies":[{"name":"wp","href":"https:\/\/api.w.org\/{rel}","templated":true}]}}