{"id":6115,"date":"2016-10-28T11:26:02","date_gmt":"2016-10-28T10:26:02","guid":{"rendered":"https:\/\/inclusioaltemporda.cat\/portal\/?p=6115"},"modified":"2016-10-28T11:26:44","modified_gmt":"2016-10-28T10:26:44","slug":"larea-de-benestar-participa-a-la-jornada-sobre-latencio-a-la-dependencia-organitzada-per-limserso","status":"publish","type":"post","link":"https:\/\/inclusioaltemporda.cat\/portal\/larea-de-benestar-participa-a-la-jornada-sobre-latencio-a-la-dependencia-organitzada-per-limserso\/","title":{"rendered":"L&#8217;\u00e0rea de Benestar participa a la Jornada sobre l&#8217;atenci\u00f3 a la depend\u00e8ncia organitzada per l&#8217;Imserso"},"content":{"rendered":"<p>La coordinadora dels Serveis Socials B\u00e0sics de l&#8217;\u00e0rea de Benestar, Carme Ortega, ha participat a la &#8220;Jornada sobre l&#8217;Atenci\u00f3 a la Depend\u00e8ncia a Espanya i a la resta de la Uni\u00f3 Europea&#8221; organitzada per l&#8217;Imserso i que va tenir lloc a Madrid dimarts passat.<\/p>\n<p>En el decurs de la jornada es van presentar les principals tend\u00e8ncies en l&#8217;evoluci\u00f3 de la Llei de Depend\u00e8ncia:<\/p>\n<ul>\n<li>Es d\u00f3na prioritat als nivells m\u00e9s greus de depend\u00e8ncia i a les persones amb menys recursos econ\u00f2mics<\/li>\n<li>Les fam\u00edlies recuperen un\u00a0 protagonisme i es produeix un fre al proces d&#8217;assumpci\u00f3 de responsabilitats p\u00fabliques<\/li>\n<li>Creixent responsabilitat individual i familiar pel que fa a l&#8217;organitzaci\u00f3 i finan\u00e7ament de l&#8217;atenci\u00f3<\/li>\n<li>Augmenta l&#8217;acc\u00e9s al mercat privat per la provisi\u00f3 d&#8217;atenci\u00f3 (amb o sense finan\u00e7ament p\u00fablic)<\/li>\n<li>Impuls a les prestacions econ\u00f2miques en detriment dels serveis d&#8217;atenci\u00f3 directa<\/li>\n<li>Foment de la llibertat d&#8217;elecci\u00f3 de les persones usu\u00e0ries a l&#8217;hora de triar serveis<\/li>\n<li>Impuls a les pol\u00edtiques de prevenci\u00f3 i d&#8217;envelliment actiu<\/li>\n<li>Nou paradigma d&#8217;atenci\u00f3 centrat en la persona i la seva qualitat de vida<\/li>\n<\/ul>\n<p>Entre els reptes de futur que es van destacar:<\/p>\n<ul>\n<li>Garantir la sostenibilitat econ\u00f2mica de les atencions a la depend\u00e8ncia a partir de reformes en el finan\u00e7ament de l&#8217;Estat del Benestar<\/li>\n<li>Reorientar el paper del voluntariat i\u00a0 la comunitat<\/li>\n<li>Mantenir sota control el cost dels serveis, garantint condicions laborals adequades a tots els agents<\/li>\n<li>Millorar l&#8217;avaluaci\u00f3 de les intervencions i dels sistemes d&#8217;informaci\u00f3<\/li>\n<li>Millorar la coordinaci\u00f3 socio-sanit\u00e0ria i la governan\u00e7a interinstitucional del sistema<\/li>\n<li>Garantir a les persones amb depend\u00e8ncia recursos de suficient qualitat i intensitat<\/li>\n<li>Oferir a les persones que estan en el domicili i als seus cuidadors recursos amb suficient intensitat<\/li>\n<li>Aconseguir un equilibri adequat entre prestacions econ\u00f2miques, serveis a domicili i institucions<\/li>\n<li>Garantir el suport i la supervisi\u00f3 a les fam\u00edlies en l&#8217;\u00fas de les prestacions econ\u00f2miques<\/li>\n<li>Culminar el proc\u00e9s de canvi cap un model centrat en la persona i afavorir la llibertat d&#8217;elecci\u00f3 de les persones<\/li>\n<\/ul>\n","protected":false},"excerpt":{"rendered":"<p>La coordinadora dels Serveis Socials B\u00e0sics de l&#8217;\u00e0rea de Benestar, Carme Ortega, ha participat a la &#8220;Jornada sobre l&#8217;Atenci\u00f3 a la Depend\u00e8ncia a Espanya i a la resta de la Uni\u00f3 Europea&#8221; organitzada per l&#8217;Imserso i que va tenir lloc a Madrid dimarts passat.<\/p>\n","protected":false},"author":3,"featured_media":6116,"comment_status":"closed","ping_status":"closed","sticky":false,"template":"","format":"standard","meta":{"footnotes":""},"categories":[106,100,1],"tags":[],"class_list":["post-6115","post","type-post","status-publish","format-standard","has-post-thumbnail","hentry","category-administracions","category-area-benestar","category-general","category-106","category-100","category-1","description-off"],"_links":{"self":[{"href":"https:\/\/inclusioaltemporda.cat\/portal\/wp-json\/wp\/v2\/posts\/6115","targetHints":{"allow":["GET"]}}],"collection":[{"href":"https:\/\/inclusioaltemporda.cat\/portal\/wp-json\/wp\/v2\/posts"}],"about":[{"href":"https:\/\/inclusioaltemporda.cat\/portal\/wp-json\/wp\/v2\/types\/post"}],"author":[{"embeddable":true,"href":"https:\/\/inclusioaltemporda.cat\/portal\/wp-json\/wp\/v2\/users\/3"}],"replies":[{"embeddable":true,"href":"https:\/\/inclusioaltemporda.cat\/portal\/wp-json\/wp\/v2\/comments?post=6115"}],"version-history":[{"count":4,"href":"https:\/\/inclusioaltemporda.cat\/portal\/wp-json\/wp\/v2\/posts\/6115\/revisions"}],"predecessor-version":[{"id":6120,"href":"https:\/\/inclusioaltemporda.cat\/portal\/wp-json\/wp\/v2\/posts\/6115\/revisions\/6120"}],"wp:featuredmedia":[{"embeddable":true,"href":"https:\/\/inclusioaltemporda.cat\/portal\/wp-json\/wp\/v2\/media\/6116"}],"wp:attachment":[{"href":"https:\/\/inclusioaltemporda.cat\/portal\/wp-json\/wp\/v2\/media?parent=6115"}],"wp:term":[{"taxonomy":"category","embeddable":true,"href":"https:\/\/inclusioaltemporda.cat\/portal\/wp-json\/wp\/v2\/categories?post=6115"},{"taxonomy":"post_tag","embeddable":true,"href":"https:\/\/inclusioaltemporda.cat\/portal\/wp-json\/wp\/v2\/tags?post=6115"}],"curies":[{"name":"wp","href":"https:\/\/api.w.org\/{rel}","templated":true}]}}