{"id":6121,"date":"2016-11-02T15:15:00","date_gmt":"2016-11-02T14:15:00","guid":{"rendered":"https:\/\/inclusioaltemporda.cat\/portal\/?p=6121"},"modified":"2016-11-02T15:15:00","modified_gmt":"2016-11-02T14:15:00","slug":"nous-cursos-de-primera-acollida-a-sant-pere-pescador-i-roses","status":"publish","type":"post","link":"https:\/\/inclusioaltemporda.cat\/portal\/nous-cursos-de-primera-acollida-a-sant-pere-pescador-i-roses\/","title":{"rendered":"Nous cursos de primera acollida a Sant Pere Pescador i Roses"},"content":{"rendered":"<p>El Consell Comarcal de l\u2019Alt Empord\u00e0 com a responsable de la gesti\u00f3 del Pla comarcal de Ciutadania i Immigraci\u00f3, organitza nous cursos de primera acollida adre\u00e7ats a les persones nouvingudes per obtenir el certificat d&#8217;acollida que els permeti regularitzar o renovar la seva situaci\u00f3 administrativa, als municipis de Sant Pere Pescador i Roses.<\/p>\n<p>Aquests cursos d&#8217;acollida, que compten amb el finan\u00e7ament del Fons Social Europeu i el suport de la Secretaria d&#8217;Igualtat, Migracions i Ciutadania\u00a0 de la Generalitat de Catalunya i dels ajuntaments respectius, se centraran en el m\u00f2dul B de coneixements laborals i m\u00f2dul C coneixement de la societat catalana i el seu marc jur\u00eddic.<\/p>\n<p align=\"justify\">Per poder obtenir el certificat d&#8217;acollida, tal com estableix el nou Reglament d&#8217;Acollida de la Generalitat de Catalunya, cal acreditar la participaci\u00f3 en tres m\u00f2duls de formaci\u00f3: un m\u00f2dul (A) per aprendre catal\u00e0 i castell\u00e0 amb un m\u00ednim de 90 hores de formaci\u00f3 en cadascuna de les dues lleng\u00fces oficials, un m\u00f2dul (B) sobre coneixements laborals amb una durada m\u00ednima de 15 hores i un tercer m\u00f2dul (C) sobre coneixement de la societat catalana i del seu marc jur\u00eddic amb un m\u00ednim de 15 hores.<\/p>\n<p>Al municipi de Sant Pere Pescador, el curs de formaci\u00f3 del m\u00f2dul B tindr\u00e0 lloc del 7 a l&#8217;11 de novembre (9 a 12h) i el curs del m\u00f2dul C s&#8217;impartir\u00e0 del 14 al 18 de novembre (9 a 12 h). Aquests cursos tindran lloc al Casal Cultural i la inscripci\u00f3 es far\u00e0 el mateix dia 7 de novembre.<\/p>\n<p>Al municipi de Roses, el curs de formaci\u00f3 del m\u00f2dul B tindr\u00e0 lloc del 21 al 25 de novembre (9 a 12h) i el curs del m\u00f2dul C s&#8217;impartir\u00e0 del 28 de novembre al 2 de desembre (9 a 12 h). Aquests cursos tindran lloc a l&#8217;Aula 2 de l&#8217;Escola d&#8217;Adults del mercat cobert de Roses i la inscripci\u00f3 es far\u00e0 el mateix dia 21 de novembre.<\/p>\n<p class=\"western\" align=\"justify\">Podeu sol\u00b7licitar informaci\u00f3 a l&#8217;\u00e0rea de Benestar &#8211; Pla de Ciutadania i Immigraci\u00f3 (Tel. 972 677 050) o mitjan\u00e7ant el correu electr\u00f2nic: ssocials@altemporda.cat<\/p>\n","protected":false},"excerpt":{"rendered":"<p>El Consell Comarcal de l\u2019Alt Empord\u00e0 com a responsable de la gesti\u00f3 del Pla comarcal de Ciutadania i Immigraci\u00f3, organitza nous cursos de primera acollida adre\u00e7ats a les persones nouvingudes per obtenir el certificat d&#8217;acollida que els permeti regularitzar o renovar la seva situaci\u00f3 administrativa, als municipis de Sant Pere Pescador i Roses.<\/p>\n","protected":false},"author":3,"featured_media":6122,"comment_status":"closed","ping_status":"closed","sticky":false,"template":"","format":"standard","meta":{"footnotes":""},"categories":[106,33,100,101,1,108],"tags":[42,123,62],"class_list":["post-6121","post","type-post","status-publish","format-standard","has-post-thumbnail","hentry","category-administracions","category-agenda","category-area-benestar","category-ciutadania","category-general","category-mitjans-comunicacio","tag-ajuntament-roses","tag-ajuntament-sant-pere-pescador","tag-pla-ciutadania-i-immigracio","category-106","category-33","category-100","category-101","category-1","category-108","description-off"],"_links":{"self":[{"href":"https:\/\/inclusioaltemporda.cat\/portal\/wp-json\/wp\/v2\/posts\/6121","targetHints":{"allow":["GET"]}}],"collection":[{"href":"https:\/\/inclusioaltemporda.cat\/portal\/wp-json\/wp\/v2\/posts"}],"about":[{"href":"https:\/\/inclusioaltemporda.cat\/portal\/wp-json\/wp\/v2\/types\/post"}],"author":[{"embeddable":true,"href":"https:\/\/inclusioaltemporda.cat\/portal\/wp-json\/wp\/v2\/users\/3"}],"replies":[{"embeddable":true,"href":"https:\/\/inclusioaltemporda.cat\/portal\/wp-json\/wp\/v2\/comments?post=6121"}],"version-history":[{"count":2,"href":"https:\/\/inclusioaltemporda.cat\/portal\/wp-json\/wp\/v2\/posts\/6121\/revisions"}],"predecessor-version":[{"id":6124,"href":"https:\/\/inclusioaltemporda.cat\/portal\/wp-json\/wp\/v2\/posts\/6121\/revisions\/6124"}],"wp:featuredmedia":[{"embeddable":true,"href":"https:\/\/inclusioaltemporda.cat\/portal\/wp-json\/wp\/v2\/media\/6122"}],"wp:attachment":[{"href":"https:\/\/inclusioaltemporda.cat\/portal\/wp-json\/wp\/v2\/media?parent=6121"}],"wp:term":[{"taxonomy":"category","embeddable":true,"href":"https:\/\/inclusioaltemporda.cat\/portal\/wp-json\/wp\/v2\/categories?post=6121"},{"taxonomy":"post_tag","embeddable":true,"href":"https:\/\/inclusioaltemporda.cat\/portal\/wp-json\/wp\/v2\/tags?post=6121"}],"curies":[{"name":"wp","href":"https:\/\/api.w.org\/{rel}","templated":true}]}}