{"id":6128,"date":"2016-11-07T13:36:21","date_gmt":"2016-11-07T12:36:21","guid":{"rendered":"https:\/\/inclusioaltemporda.cat\/portal\/?p=6128"},"modified":"2016-11-07T15:17:47","modified_gmt":"2016-11-07T14:17:47","slug":"el-projecte-de-caritas-diocesana-de-giroan-grans-experts-rep-el-premi-dinclusio-social-2016","status":"publish","type":"post","link":"https:\/\/inclusioaltemporda.cat\/portal\/el-projecte-de-caritas-diocesana-de-giroan-grans-experts-rep-el-premi-dinclusio-social-2016\/","title":{"rendered":"El projecte de C\u00e0ritas Diocesana de Girona &#8220;Grans experts&#8221; rep el Premi d&#8217;Inclusi\u00f3 Social 2016"},"content":{"rendered":"<p>El Consell Comarcal de l\u2019Alt Empord\u00e0 ha atorgat el Premi Inclusi\u00f3 Social 2016 al projecte \u201cGrans experts\u201d. Es tracta d&#8217;una iniciativa intergeneracional que promou C\u00e0ritas Diocesana de Girona als municipis de Cadaqu\u00e9s, l&#8217;Escala, Roses i Figueres i que t\u00e9 com a finalitat promoure l&#8217;envelliment actiu i la inclusi\u00f3 social de les persones de major edat a trav\u00e9s d&#8217;una activitat que posa en valor la seva experi\u00e8ncia i coneixement i l&#8217;aprenentatge conjunt amb infants i joves i condu\u00eft a trav\u00e9s d&#8217;alguna de les escoles de cada poblaci\u00f3.<\/p>\n<p>El premi est\u00e0 dotat amb 6.000 euros i l&#8217;acte de lliurament del diploma acreditatiu s&#8217;ha celebrat aquest divendres, al migdia, a l&#8217;aula d&#8217;audiovisuals de l&#8217;Escola Emp\u00faries de l&#8217;Escala, que \u00e9s un dels centres que col\u00b7laboren en el projecte. A l&#8217;acte hi ha assistit el president del Consell Comarcal de l&#8217;Alt Empord\u00e0, Ferran Roquer, i la directora de C\u00e0ritas Diocesana de Girona, Dolors Puigdevall, acompanyats de l&#8217;alcalde de l&#8217;Escala, V\u00edctor Puga, i del director de l&#8217;escola, Narc\u00eds Vidal, que \u00e9s un dels centres que participen en el projecte.<\/p>\n<p>El projecte \u201cGrans Experts\u201d, adre\u00e7at a persones grans que viuen soles o en centres geri\u00e0trics i alumnes d&#8217;educaci\u00f3 prim\u00e0ria de les escoles dels municipis, pret\u00e9n posar en valor el paper i les capacitats de les persones m\u00e9s grans a trav\u00e9s de la seva participaci\u00f3 a l&#8217;aula en activitats formatives puntuals que permetin complementar el coneixement i valors transmesos per l&#8217;escola amb l&#8217;experi\u00e8ncia de les persones de major edat. En aquest sentit el projecte tamb\u00e9 t\u00e9 com a objectiu la sensibilitzaci\u00f3 d&#8217;infants i joves sobre el paper clau que desenvolupen les persones grans a la nostra societat.<\/p>\n<p>El premi Inclusi\u00f3 Social 2016 dotat amb 6.000 euros permetr\u00e0 que durant aquest curs vuit persones majors de 65 anys i 200 nens i nenes de les escoles dels municipis esmentats participin en aquesta activitat, experimentant els beneficis per ambd\u00f3s tant a nivell emocional, com d&#8217;aprenentatges i de sensibilitzaci\u00f3, que ha evidenciat la prova pilot del projecte duta a terme enguany a Girona.<\/p>\n<p>El Concurs de Projectes d&#8217;Inclusi\u00f3 Social t\u00e9 com a objectiu fer emergir iniciatives innovadores en l\u2019\u00e0mbit de la inclusi\u00f3 i la cohesi\u00f3 social i finan\u00e7ar projectes en el territori. Aquesta iniciativa, que s\u2019emmarca en el Pla d\u2019Inclusi\u00f3 i Cohesi\u00f3 Social de l\u2019Alt Empord\u00e0, t\u00e9 com a finalitat millorar les condicions de vida de la poblaci\u00f3 de la comarca i refor\u00e7ar la cohesi\u00f3 social.<\/p>\n<p>Han pogut participar en el concurs persones f\u00edsiques, entitats sense \u00e0nim de lucre, associacions, petites i mitjanes empreses i equips o centres de recerca d\u2019universitats, que presentin projectes d\u2019inclusi\u00f3 social a desenvolupar en un o m\u00e9s municipis de la comarca de l\u2019Alt Empord\u00e0.<\/p>\n<p>Durant l&#8217;acte, el president del Consell Comarcal, Ferran Roquer, ha destacat \u201cel paper important\u00edssim que tenen i han de tenir les persones grans dins de la nostra societat. De cap de les maneres podem perdre la seva expertesa i els seus coneixements. L&#8217;Alt Empord\u00e0 t\u00e9 una taxa d&#8217;envelliment (17,4 %) molt semblant a la mitjana catalana (17,7%) i a l&#8217;europea (17,5%). De tota manera \u00e9s la primera vegada que les persones de m\u00e9s de 65 anys superen en nombre als infants menors de 15 anys. Per aix\u00f2 des de les administracions hem de promoure accions per donar resposta a aquesta situaci\u00f3. En el cas d&#8217;aquest projecte, per posar en valor l&#8217;experi\u00e8ncia de la gent gran davant de les noves generacions\u201d.<\/p>\n<p>La directora de C\u00e0ritas, Dolors Puigdevall, va agrair el premi i el reconeixement que representava per a una iniciativa que es va iniciar a la ciutat de Girona i que ara arriba a quatre municipis de l&#8217;Alt Empord\u00e0. El director de l&#8217;escola Emp\u00faries, Narc\u00eds Vidal, va mostrar la seva predisposici\u00f3 per acollir al projecte, juntament amb l&#8217;altre centre de la poblaci\u00f3, l&#8217;escola Esculapi. Finalment, l&#8217;alcalde de l&#8217;Escala, V\u00edctor Puga, va encoratjar la iniciativa i va agrair al Consell Comarcal el suport que es d\u00f3na a accions socials innovadores a trav\u00e9s del Premi d&#8217;Inclusi\u00f3 Social.<\/p>\n<p>&nbsp;<\/p>\n","protected":false},"excerpt":{"rendered":"<p>El Consell Comarcal de l\u2019Alt Empord\u00e0 ha atorgat el Premi Inclusi\u00f3 Social 2016 al projecte \u201cGrans experts\u201d, una iniciativa intergeneracional que promou C\u00e0ritas Diocesana de Girona als municipis de Cadaqu\u00e9s, l&#8217;Escala, Roses i Figueres.<\/p>\n","protected":false},"author":2,"featured_media":5831,"comment_status":"closed","ping_status":"closed","sticky":false,"template":"","format":"standard","meta":{"footnotes":""},"categories":[106,33,100,101,105,104,103,1,108,12,11],"tags":[],"class_list":["post-6128","post","type-post","status-publish","format-standard","has-post-thumbnail","hentry","category-administracions","category-agenda","category-area-benestar","category-ciutadania","category-empreses","category-entitats-socials","category-estudiants-escoles-instituts","category-general","category-mitjans-comunicacio","category-pla-dinclusio-2","category-taula-inclusio","category-106","category-33","category-100","category-101","category-105","category-104","category-103","category-1","category-108","category-12","category-11","description-off"],"_links":{"self":[{"href":"https:\/\/inclusioaltemporda.cat\/portal\/wp-json\/wp\/v2\/posts\/6128","targetHints":{"allow":["GET"]}}],"collection":[{"href":"https:\/\/inclusioaltemporda.cat\/portal\/wp-json\/wp\/v2\/posts"}],"about":[{"href":"https:\/\/inclusioaltemporda.cat\/portal\/wp-json\/wp\/v2\/types\/post"}],"author":[{"embeddable":true,"href":"https:\/\/inclusioaltemporda.cat\/portal\/wp-json\/wp\/v2\/users\/2"}],"replies":[{"embeddable":true,"href":"https:\/\/inclusioaltemporda.cat\/portal\/wp-json\/wp\/v2\/comments?post=6128"}],"version-history":[{"count":3,"href":"https:\/\/inclusioaltemporda.cat\/portal\/wp-json\/wp\/v2\/posts\/6128\/revisions"}],"predecessor-version":[{"id":6131,"href":"https:\/\/inclusioaltemporda.cat\/portal\/wp-json\/wp\/v2\/posts\/6128\/revisions\/6131"}],"wp:featuredmedia":[{"embeddable":true,"href":"https:\/\/inclusioaltemporda.cat\/portal\/wp-json\/wp\/v2\/media\/5831"}],"wp:attachment":[{"href":"https:\/\/inclusioaltemporda.cat\/portal\/wp-json\/wp\/v2\/media?parent=6128"}],"wp:term":[{"taxonomy":"category","embeddable":true,"href":"https:\/\/inclusioaltemporda.cat\/portal\/wp-json\/wp\/v2\/categories?post=6128"},{"taxonomy":"post_tag","embeddable":true,"href":"https:\/\/inclusioaltemporda.cat\/portal\/wp-json\/wp\/v2\/tags?post=6128"}],"curies":[{"name":"wp","href":"https:\/\/api.w.org\/{rel}","templated":true}]}}