{"id":6133,"date":"2016-11-09T13:34:06","date_gmt":"2016-11-09T12:34:06","guid":{"rendered":"https:\/\/inclusioaltemporda.cat\/portal\/?p=6133"},"modified":"2016-11-09T13:37:33","modified_gmt":"2016-11-09T12:37:33","slug":"professionals-de-larea-de-benestar-participen-al-ii-congres-de-serveis-socials-de-catalunya","status":"publish","type":"post","link":"https:\/\/inclusioaltemporda.cat\/portal\/professionals-de-larea-de-benestar-participen-al-ii-congres-de-serveis-socials-de-catalunya\/","title":{"rendered":"Professionals de l&#8217;\u00e0rea de Benestar participen al II Congr\u00e9s de Serveis Socials de Catalunya"},"content":{"rendered":"<p>Un grup de professionals dels diversos serveis de l&#8217;\u00e0rea de Benestar del Consell Comarcal participen en el II Congr\u00e9s de Serveis Socials de Catalunya que se celebra aquesta setmana a Barcelona.<\/p>\n<p>El congr\u00e9s est\u00e0 centrat en les Viol\u00e8ncies en els escenaris actuals i aprofundir\u00e0 en les reflexions, metodologies i treballs a l&#8217;entorn de la viol\u00e8ncia intrafamiliar, la viol\u00e8ncia entre iguals, la viol\u00e8ncia institucional, la viol\u00e8ncia de l&#8217;estat, la viol\u00e8ncia a les xarxes i la viol\u00e8ncia de g\u00e8nere.<\/p>\n<p>L&#8217;\u00e0rea de Benestar participa i comparteix enguany dues experi\u00e8ncies de treball. L&#8217;equip de l&#8217;EAIA (Equip d&#8217;Atenci\u00f3 a la Inf\u00e0ncia i l&#8217;Adolesc\u00e8ncia) exposa en una taula rodona l&#8217;experi\u00e8ncia d&#8217;aplicaci\u00f3 pr\u00e0ctica de la t\u00e8cnica de la confer\u00e8ncia de grup familiar (Family Group Conference). Mentre que l&#8217;equip del SIAD (Servei d&#8217;Atenci\u00f3 i Informaci\u00f3 a la Dona) presenta un p\u00f2ster en qu\u00e8 s&#8217;exposa un estudi de cas elaborat a partir d&#8217;una intervenci\u00f3 de crisi amb resultat de mort per viol\u00e8ncia masclista.<\/p>\n<p>Si voleu seguir aquest Congr\u00e9s ho podeu fer a trav\u00e9s del perfil de twitter del Congr\u00e9s @2CSS16 i del hastag #CSSB16<\/p>\n","protected":false},"excerpt":{"rendered":"<p>Un grup de professionals dels diversos serveis de l&#8217;\u00e0rea de Benestar del Consell Comarcal participen en el II Congr\u00e9s de Serveis Socials de Catalunya que se celebra aquesta setmana a Barcelona.<\/p>\n","protected":false},"author":3,"featured_media":6134,"comment_status":"closed","ping_status":"closed","sticky":false,"template":"","format":"standard","meta":{"footnotes":""},"categories":[106,100,107,104,1,102],"tags":[],"class_list":["post-6133","post","type-post","status-publish","format-standard","has-post-thumbnail","hentry","category-administracions","category-area-benestar","category-centres-recerca-universitats","category-entitats-socials","category-general","category-professionals-ambit-social","category-106","category-100","category-107","category-104","category-1","category-102","description-off"],"_links":{"self":[{"href":"https:\/\/inclusioaltemporda.cat\/portal\/wp-json\/wp\/v2\/posts\/6133","targetHints":{"allow":["GET"]}}],"collection":[{"href":"https:\/\/inclusioaltemporda.cat\/portal\/wp-json\/wp\/v2\/posts"}],"about":[{"href":"https:\/\/inclusioaltemporda.cat\/portal\/wp-json\/wp\/v2\/types\/post"}],"author":[{"embeddable":true,"href":"https:\/\/inclusioaltemporda.cat\/portal\/wp-json\/wp\/v2\/users\/3"}],"replies":[{"embeddable":true,"href":"https:\/\/inclusioaltemporda.cat\/portal\/wp-json\/wp\/v2\/comments?post=6133"}],"version-history":[{"count":3,"href":"https:\/\/inclusioaltemporda.cat\/portal\/wp-json\/wp\/v2\/posts\/6133\/revisions"}],"predecessor-version":[{"id":6137,"href":"https:\/\/inclusioaltemporda.cat\/portal\/wp-json\/wp\/v2\/posts\/6133\/revisions\/6137"}],"wp:featuredmedia":[{"embeddable":true,"href":"https:\/\/inclusioaltemporda.cat\/portal\/wp-json\/wp\/v2\/media\/6134"}],"wp:attachment":[{"href":"https:\/\/inclusioaltemporda.cat\/portal\/wp-json\/wp\/v2\/media?parent=6133"}],"wp:term":[{"taxonomy":"category","embeddable":true,"href":"https:\/\/inclusioaltemporda.cat\/portal\/wp-json\/wp\/v2\/categories?post=6133"},{"taxonomy":"post_tag","embeddable":true,"href":"https:\/\/inclusioaltemporda.cat\/portal\/wp-json\/wp\/v2\/tags?post=6133"}],"curies":[{"name":"wp","href":"https:\/\/api.w.org\/{rel}","templated":true}]}}