{"id":6143,"date":"2016-12-13T11:57:20","date_gmt":"2016-12-13T10:57:20","guid":{"rendered":"https:\/\/inclusioaltemporda.cat\/portal\/?p=6143"},"modified":"2016-12-13T12:00:14","modified_gmt":"2016-12-13T11:00:14","slug":"finalitzen-les-sessions-de-participacio-del-projecte-60-alt-emporda","status":"publish","type":"post","link":"https:\/\/inclusioaltemporda.cat\/portal\/finalitzen-les-sessions-de-participacio-del-projecte-60-alt-emporda\/","title":{"rendered":"Finalitzen les sessions de participaci\u00f3 del projecte +60 Alt Empord\u00e0"},"content":{"rendered":"<p>150 persones han participat en les sessions de participaci\u00f3 del projecte +60 Alt Empord\u00e0 en els municipis que han col\u00b7laborat en el seu desenvolupament.<\/p>\n<p>Durant els mesos d&#8217;octubre i novembre s&#8217;han dut a terme les sessions de participaci\u00f3 del projecte &#8220;+60 Alt Empord\u00e0. Propostes per a un envelliment actiu&#8221; en els municipis de Borrass\u00e0, Castell\u00f3 d&#8217;Emp\u00faries, L&#8217;Escala, La Jonquera, Llan\u00e7\u00e0, Roses i Vilafant, que han comptat amb la participaci\u00f3 de 150 persones de m\u00e9s de 60 anys residents en aquestes poblacions.<\/p>\n<p>El projecte &#8220;+60 Alt Empord\u00e0. Propostes per a un envelliment actiu&#8221; \u00e9s un proc\u00e9s de participaci\u00f3\u00a0 que t\u00e9 com a principal finalitat acompanyar els ajuntaments i altres agents locals en la definici\u00f3 de pol\u00edtiques locals d&#8217;envelliment actiu. Aquest projecte ofereix als municipis una eina per a la definici\u00f3 de pol\u00edtiques d&#8217;envelliment actiu ajustades a la realitat local, basada en la implicaci\u00f3 de la poblaci\u00f3 +60 en un proc\u00e9s de treball comunitari amb la participaci\u00f3 de diversos agents. Per aquest motiu, en el marc del proc\u00e9s de treball dut a terme en cadascun dels municipis, s&#8217;han realitzat 3 sessions de participaci\u00f3 amb ve\u00efns i entitats en els quals s&#8217;han identificat necessitats en diferents \u00e0mbits i s&#8217;han generat propostes per a millorar les condicions de vida de les persones +60 que resideixen al poble.<\/p>\n<p>Un cop realitzades les sessions locals de participaci\u00f3 s&#8217;elaborar\u00e0 un document de conclusions de tot el proc\u00e9s de treball, que recollir\u00e0 el conjunt de necessitats identificades i les propostes formulades per les persones participants. Aquesta ser\u00e0 una eina que ha de sevir als ajuntaments i altres agents locals per a millorar la planificaci\u00f3 de les actuacions adre\u00e7ades a millorar la qualitat de vida en els municipis, tenint en compte que l&#8217;envelliment de la poblaci\u00f3 al m\u00f3n occidental \u00e9s un proc\u00e9s irreversible que produir\u00e0 canvis socials en les properes d\u00e8cades al conjunt de les societats europees, i que necess\u00e0riament demanar\u00e0 a les administracions p\u00fabliques adequar les seves actuacions a aquesta realitat canviant.<\/p>\n<p>A trav\u00e9s del web del projecte +60 Alt Empord\u00e0 (<a href=\"http:\/\/mes60.cat\" target=\"_blank\">mes60.cat<\/a>) es pot accedir a la informaci\u00f3 espec\u00edfica sobre el desenvolupament de cadascuna de les sessions de participaci\u00f3 dutes a terme en els municipis que han col\u00b7laborat en el desenvolupament del proc\u00e9s participatiu. Des de l&#8217;espai web tamb\u00e9 es poden consultar els documents de resum de les diferents sessions, i properament tamb\u00e9 s&#8217;hi publicaran els informes de resultats de les sessions de participaci\u00f3 de cadascuna de les poblacions.<\/p>\n<p>&nbsp;<\/p>\n","protected":false},"excerpt":{"rendered":"<p>150 persones han participat en les sessions de participaci\u00f3 del projecte +60 Alt Empord\u00e0 en els municipis que han col\u00b7laborat en el seu desenvolupament.<\/p>\n","protected":false},"author":2,"featured_media":6093,"comment_status":"closed","ping_status":"closed","sticky":false,"template":"","format":"standard","meta":{"footnotes":""},"categories":[106,100,101,105,104,103,1,108,12],"tags":[],"class_list":["post-6143","post","type-post","status-publish","format-standard","has-post-thumbnail","hentry","category-administracions","category-area-benestar","category-ciutadania","category-empreses","category-entitats-socials","category-estudiants-escoles-instituts","category-general","category-mitjans-comunicacio","category-pla-dinclusio-2","category-106","category-100","category-101","category-105","category-104","category-103","category-1","category-108","category-12","description-off"],"_links":{"self":[{"href":"https:\/\/inclusioaltemporda.cat\/portal\/wp-json\/wp\/v2\/posts\/6143","targetHints":{"allow":["GET"]}}],"collection":[{"href":"https:\/\/inclusioaltemporda.cat\/portal\/wp-json\/wp\/v2\/posts"}],"about":[{"href":"https:\/\/inclusioaltemporda.cat\/portal\/wp-json\/wp\/v2\/types\/post"}],"author":[{"embeddable":true,"href":"https:\/\/inclusioaltemporda.cat\/portal\/wp-json\/wp\/v2\/users\/2"}],"replies":[{"embeddable":true,"href":"https:\/\/inclusioaltemporda.cat\/portal\/wp-json\/wp\/v2\/comments?post=6143"}],"version-history":[{"count":3,"href":"https:\/\/inclusioaltemporda.cat\/portal\/wp-json\/wp\/v2\/posts\/6143\/revisions"}],"predecessor-version":[{"id":6146,"href":"https:\/\/inclusioaltemporda.cat\/portal\/wp-json\/wp\/v2\/posts\/6143\/revisions\/6146"}],"wp:featuredmedia":[{"embeddable":true,"href":"https:\/\/inclusioaltemporda.cat\/portal\/wp-json\/wp\/v2\/media\/6093"}],"wp:attachment":[{"href":"https:\/\/inclusioaltemporda.cat\/portal\/wp-json\/wp\/v2\/media?parent=6143"}],"wp:term":[{"taxonomy":"category","embeddable":true,"href":"https:\/\/inclusioaltemporda.cat\/portal\/wp-json\/wp\/v2\/categories?post=6143"},{"taxonomy":"post_tag","embeddable":true,"href":"https:\/\/inclusioaltemporda.cat\/portal\/wp-json\/wp\/v2\/tags?post=6143"}],"curies":[{"name":"wp","href":"https:\/\/api.w.org\/{rel}","templated":true}]}}