{"id":6173,"date":"2017-01-25T10:52:54","date_gmt":"2017-01-25T09:52:54","guid":{"rendered":"https:\/\/inclusioaltemporda.cat\/portal\/?p=6173"},"modified":"2017-01-25T10:54:02","modified_gmt":"2017-01-25T09:54:02","slug":"en-marxa-la-cinquena-edicio-de-lespai-de-formacio-per-a-families","status":"publish","type":"post","link":"https:\/\/inclusioaltemporda.cat\/portal\/en-marxa-la-cinquena-edicio-de-lespai-de-formacio-per-a-families\/","title":{"rendered":"En marxa la cinquena edici\u00f3 de l&#8217;Espai de Formaci\u00f3 per a Fam\u00edlies"},"content":{"rendered":"<div>La cinquena edici\u00f3 de l&#8217;Espai de Formaci\u00f3 per a Fam\u00edlies (EFF), que promou l&#8217;\u00e0rea de Benestar del Consell Comarcal, es va posar en marxa el 17 de gener passat amb 15 noves fam\u00edlies.<\/div>\n<div><\/div>\n<div>Aquesta nova edici\u00f3 de l&#8217;EFF, que com les anteriors est\u00e0 adre\u00e7ada a pares i mares amb fills i filles d&#8217;entre 6 i 16 anys de la comarca, comptar\u00e0 amb professionals de l&#8217;\u00e0rea de Benestar que treballaran amb les fam\u00edlies les properes setmanes i fins al mes d&#8217;abril.<\/div>\n<div><\/div>\n<div>En el decurs de les sessions amb les fam\u00edlies s\u2019abordaran diverses tem\u00e0tiques amb les persones participants: el paper educatiu de la fam\u00edlia, les necessitats f\u00edsiques i emocionals dels infants, la comunicaci\u00f3 i les emocions, les normes i els l\u00edmits aix\u00ed com la resoluci\u00f3 de conflictes, les relacions fam\u00edlia-escola i el lleure i el joc, entre d\u2019altres.<\/div>\n<div><\/div>\n<p>Aquesta cinquena edici\u00f3 es posa en marxa amb fam\u00edlies derivades per l\u2019Equip d\u2019Atenci\u00f3 a la Inf\u00e0ncia i a l\u2019Adolesc\u00e8ncia i pels Serveis B\u00e0sics d\u2019Atenci\u00f3 Prim\u00e0ria de la comarca.<\/p>\n","protected":false},"excerpt":{"rendered":"<p>La cinquena edici\u00f3 de l&#8217;Espai de Formaci\u00f3 per a Fam\u00edlies (EFF), que promou l&#8217;\u00e0rea de Benestar del Consell Comarcal, es va posar en marxa el 17 de gener passat  amb 15 noves fam\u00edlies.<\/p>\n","protected":false},"author":3,"featured_media":6175,"comment_status":"closed","ping_status":"closed","sticky":false,"template":"","format":"standard","meta":{"footnotes":""},"categories":[106,100,101,104,1,108,12,102],"tags":[27,58,24],"class_list":["post-6173","post","type-post","status-publish","format-standard","has-post-thumbnail","hentry","category-administracions","category-area-benestar","category-ciutadania","category-entitats-socials","category-general","category-mitjans-comunicacio","category-pla-dinclusio-2","category-professionals-ambit-social","tag-benestar-ccae","tag-espai-de-formacio-per-a-families","tag-inclusio-social","category-106","category-100","category-101","category-104","category-1","category-108","category-12","category-102","description-off"],"_links":{"self":[{"href":"https:\/\/inclusioaltemporda.cat\/portal\/wp-json\/wp\/v2\/posts\/6173","targetHints":{"allow":["GET"]}}],"collection":[{"href":"https:\/\/inclusioaltemporda.cat\/portal\/wp-json\/wp\/v2\/posts"}],"about":[{"href":"https:\/\/inclusioaltemporda.cat\/portal\/wp-json\/wp\/v2\/types\/post"}],"author":[{"embeddable":true,"href":"https:\/\/inclusioaltemporda.cat\/portal\/wp-json\/wp\/v2\/users\/3"}],"replies":[{"embeddable":true,"href":"https:\/\/inclusioaltemporda.cat\/portal\/wp-json\/wp\/v2\/comments?post=6173"}],"version-history":[{"count":5,"href":"https:\/\/inclusioaltemporda.cat\/portal\/wp-json\/wp\/v2\/posts\/6173\/revisions"}],"predecessor-version":[{"id":6179,"href":"https:\/\/inclusioaltemporda.cat\/portal\/wp-json\/wp\/v2\/posts\/6173\/revisions\/6179"}],"wp:featuredmedia":[{"embeddable":true,"href":"https:\/\/inclusioaltemporda.cat\/portal\/wp-json\/wp\/v2\/media\/6175"}],"wp:attachment":[{"href":"https:\/\/inclusioaltemporda.cat\/portal\/wp-json\/wp\/v2\/media?parent=6173"}],"wp:term":[{"taxonomy":"category","embeddable":true,"href":"https:\/\/inclusioaltemporda.cat\/portal\/wp-json\/wp\/v2\/categories?post=6173"},{"taxonomy":"post_tag","embeddable":true,"href":"https:\/\/inclusioaltemporda.cat\/portal\/wp-json\/wp\/v2\/tags?post=6173"}],"curies":[{"name":"wp","href":"https:\/\/api.w.org\/{rel}","templated":true}]}}