{"id":6198,"date":"2017-02-20T12:54:26","date_gmt":"2017-02-20T11:54:26","guid":{"rendered":"https:\/\/inclusioaltemporda.cat\/portal\/?p=6198"},"modified":"2017-02-20T12:56:38","modified_gmt":"2017-02-20T11:56:38","slug":"professionals-francesos-especialitzats-en-latencio-a-la-infancia-i-les-families-visiten-els-serveis-del-consell-comarcal-de-lalt-emporda","status":"publish","type":"post","link":"https:\/\/inclusioaltemporda.cat\/portal\/professionals-francesos-especialitzats-en-latencio-a-la-infancia-i-les-families-visiten-els-serveis-del-consell-comarcal-de-lalt-emporda\/","title":{"rendered":"Professionals francesos especialitzats en l&#8217;atenci\u00f3 a la inf\u00e0ncia i les fam\u00edlies visiten els serveis del Consell Comarcal de l&#8217;Alt Empord\u00e0"},"content":{"rendered":"<p align=\"justify\">La visita d&#8217;aquest grup de professionals francesos que tindr\u00e0 lloc els dies 21 i 22 de febrer s&#8217;emmarca en el microprojecte <em>Bones pr\u00e0ctiques en capacitaci\u00f3 parental per a fam\u00edlies en risc d&#8217;exclusi\u00f3 social a l&#8217;Espai Catal\u00e0 Transfronterer,<\/em> finan\u00e7at per la subvenci\u00f3 Eurodistricte que atorga la Generalitat de Catalunya i el departament dels Pirineus Orientals.<\/p>\n<p align=\"justify\">L&#8217;objectiu d&#8217;aquest projecte, que porta a terme l&#8217;\u00e0rea de Benestar del Consell Comarcal conjuntament amb l&#8217;Institut R\u00e9gional de Treball Social de Perpiny\u00e0 (IRTS), \u00e9s detectar bones pr\u00e0ctiques en el camp de les metodologies d&#8217;intervenci\u00f3 en capacitaci\u00f3 parental promogudes per les administracions i les entitats socials que ofereixen recursos en el territori transfronterer.<\/p>\n<p align=\"justify\">El projecte, iniciat el mes de setembre passat, promou l&#8217;intercanvi de coneixement t\u00e8cnic i aplicat entre professionals especialitzats, per tal de con\u00e8ixer metodologies d&#8217;intervenci\u00f3 innovadores i els impactes dels programes en curs.<\/p>\n<p align=\"justify\">Els serveis i recursos catalans que participen en aquest projecte transfronterer s\u00f3n l&#8217;Espai de Formaci\u00f3 per a Fam\u00edlies del Consell Comarcal, l&#8217;Equip d&#8217;Atenci\u00f3 a la Inf\u00e0ncia i l&#8217;Adolesc\u00e8ncia de l&#8217;Alt Empord\u00e0, el Centre Residencial d&#8217;Atenci\u00f3 Educativa l&#8217;Albera (CRAE) i el Servei d&#8217;Integraci\u00f3 en Fam\u00edlies Extenses de l&#8217;Alt i el Baix Empord\u00e0 (SIFE) que gestiona la Fundaci\u00f3 Acci\u00f3 Social Inf\u00e0ncia.<\/p>\n<p align=\"justify\">Els professionals francesos que participen en el projecte provenen de la Fundaci\u00f3 Apprentis d&#8217;Auteuil (Casa de les Fam\u00edlies i servei d&#8217;acompanyament familiar a domicili), de l&#8217;Institut Departamental de la Inf\u00e0ncia i l&#8217;Adolesc\u00e8ncia (IDEA) i del servei educatiu de l&#8217;entitat Enfance Catalane.<\/p>\n<p align=\"justify\">En el marc d&#8217;aquest microprojecte, els professionals catalans van participar en un seminari de treball i una visita d&#8217;estudi a Perpiny\u00e0 per con\u00e8ixer els serveis francesos i les metodologies d&#8217;intervenci\u00f3 que va tenir lloc el 31 de gener i l&#8217;1 de febrer passat.<\/p>\n<p align=\"justify\">En els propers mesos est\u00e0 previst un segon seminari de treball professional en el que participaran els dos equips aix\u00ed com una jornada final en qu\u00e8 es presentaran els resultats del projecte. Aquestes activitats tindran lloc respectivament el 15 de mar\u00e7 i el 2 de juny i ambdues activitats se celebraran a Figueres.<\/p>\n","protected":false},"excerpt":{"rendered":"<p>La visita d&#8217;aquest grup de professionals francesos s&#8217;emmarca en el microprojecte Bones pr\u00e0ctiques en capacitaci\u00f3 parental per a fam\u00edlies en risc d&#8217;exclusi\u00f3 social a l&#8217;Espai Catal\u00e0 Transfronterer, finan\u00e7at per la subvenci\u00f3 Eurodistricte que atorga la Generalitat de Catalunya i el departament dels Pirineus Orientals.<\/p>\n","protected":false},"author":3,"featured_media":6199,"comment_status":"closed","ping_status":"closed","sticky":false,"template":"","format":"standard","meta":{"footnotes":""},"categories":[106,100,107,104,1,108,12,102,115],"tags":[58,24,124],"class_list":["post-6198","post","type-post","status-publish","format-standard","has-post-thumbnail","hentry","category-administracions","category-area-benestar","category-centres-recerca-universitats","category-entitats-socials","category-general","category-mitjans-comunicacio","category-pla-dinclusio-2","category-professionals-ambit-social","category-projectes-transfronterers","tag-espai-de-formacio-per-a-families","tag-inclusio-social","tag-projectes-transfronterers","category-106","category-100","category-107","category-104","category-1","category-108","category-12","category-102","category-115","description-off"],"_links":{"self":[{"href":"https:\/\/inclusioaltemporda.cat\/portal\/wp-json\/wp\/v2\/posts\/6198","targetHints":{"allow":["GET"]}}],"collection":[{"href":"https:\/\/inclusioaltemporda.cat\/portal\/wp-json\/wp\/v2\/posts"}],"about":[{"href":"https:\/\/inclusioaltemporda.cat\/portal\/wp-json\/wp\/v2\/types\/post"}],"author":[{"embeddable":true,"href":"https:\/\/inclusioaltemporda.cat\/portal\/wp-json\/wp\/v2\/users\/3"}],"replies":[{"embeddable":true,"href":"https:\/\/inclusioaltemporda.cat\/portal\/wp-json\/wp\/v2\/comments?post=6198"}],"version-history":[{"count":2,"href":"https:\/\/inclusioaltemporda.cat\/portal\/wp-json\/wp\/v2\/posts\/6198\/revisions"}],"predecessor-version":[{"id":6201,"href":"https:\/\/inclusioaltemporda.cat\/portal\/wp-json\/wp\/v2\/posts\/6198\/revisions\/6201"}],"wp:featuredmedia":[{"embeddable":true,"href":"https:\/\/inclusioaltemporda.cat\/portal\/wp-json\/wp\/v2\/media\/6199"}],"wp:attachment":[{"href":"https:\/\/inclusioaltemporda.cat\/portal\/wp-json\/wp\/v2\/media?parent=6198"}],"wp:term":[{"taxonomy":"category","embeddable":true,"href":"https:\/\/inclusioaltemporda.cat\/portal\/wp-json\/wp\/v2\/categories?post=6198"},{"taxonomy":"post_tag","embeddable":true,"href":"https:\/\/inclusioaltemporda.cat\/portal\/wp-json\/wp\/v2\/tags?post=6198"}],"curies":[{"name":"wp","href":"https:\/\/api.w.org\/{rel}","templated":true}]}}