{"id":6204,"date":"2017-03-03T12:42:02","date_gmt":"2017-03-03T11:42:02","guid":{"rendered":"https:\/\/inclusioaltemporda.cat\/portal\/?p=6204"},"modified":"2017-03-03T12:43:10","modified_gmt":"2017-03-03T11:43:10","slug":"nova-edicio-del-curs-lletres-per-a-tothom-a-roses","status":"publish","type":"post","link":"https:\/\/inclusioaltemporda.cat\/portal\/nova-edicio-del-curs-lletres-per-a-tothom-a-roses\/","title":{"rendered":"Nova edici\u00f3 del curs &#8220;Lletres per a Tothom&#8221; a Roses"},"content":{"rendered":"<p>Aquest mes de mar\u00e7 es posa en marxa a Roses una nova edici\u00f3 del curs &#8220;Lletres per a Tothom&#8221;, adre\u00e7at a persones d&#8217;origen estranger residents al municipi.<\/p>\n<p>Aquest curs, promogut per la Secretaria d&#8217;Igualtat, Migracions i Ciutadania, est\u00e0 finan\u00e7at per la Fundaci\u00f3 La Caixa. L&#8217;equip d&#8217;Inclusi\u00f3 Social i atenci\u00f3 a la comunitat de l&#8217;\u00e0rea de Benestar del Consell Comarcal organitza el curs que ser\u00e0 impartit per C\u00e0ritas.<\/p>\n<p>L&#8217;objectiu de les sessions de formaci\u00f3, que t\u00e9 una durada de 120 hores, \u00e9s promoure l\u2019alfabetitzaci\u00f3 en catal\u00e0 de persones adultes com a pas previ per accedir als cursos inicials de catal\u00e0, partint d&#8217;una visi\u00f3 de l&#8217;aprenentatge de la llengua com a eina de cohesi\u00f3 social.<\/p>\n<p class=\"western\" align=\"justify\">A m\u00e9s de les hores lectives del curs, el projecte tamb\u00e9 fomentar\u00e0 la participaci\u00f3 dels i les alumnes en la vida cultural del municipi amb diferents activitats com visites a equipaments municipals, sortides culturals, tallers i xerrades. Aquestes activitats estaran obertes tant a l\u2019alumnat i els voluntaris del programa, com a la resta de la ciutadania, per tal que els alumnes puguin posar en pr\u00e0ctica els coneixements adquirits i afavorir la seva implicaci\u00f3 en el teixit social del municipi.<\/p>\n","protected":false},"excerpt":{"rendered":"<p>Aquest mes de mar\u00e7 es posa en marxa a Roses una nova edici\u00f3 del curs &#8220;Lletres per a Tothom&#8221;, adre\u00e7at a persones d&#8217;origen estranger residents al municipi.<\/p>\n","protected":false},"author":3,"featured_media":6205,"comment_status":"closed","ping_status":"closed","sticky":false,"template":"","format":"standard","meta":{"footnotes":""},"categories":[106,100,101,104,1,108,12,11],"tags":[],"class_list":["post-6204","post","type-post","status-publish","format-standard","has-post-thumbnail","hentry","category-administracions","category-area-benestar","category-ciutadania","category-entitats-socials","category-general","category-mitjans-comunicacio","category-pla-dinclusio-2","category-taula-inclusio","category-106","category-100","category-101","category-104","category-1","category-108","category-12","category-11","description-off"],"_links":{"self":[{"href":"https:\/\/inclusioaltemporda.cat\/portal\/wp-json\/wp\/v2\/posts\/6204","targetHints":{"allow":["GET"]}}],"collection":[{"href":"https:\/\/inclusioaltemporda.cat\/portal\/wp-json\/wp\/v2\/posts"}],"about":[{"href":"https:\/\/inclusioaltemporda.cat\/portal\/wp-json\/wp\/v2\/types\/post"}],"author":[{"embeddable":true,"href":"https:\/\/inclusioaltemporda.cat\/portal\/wp-json\/wp\/v2\/users\/3"}],"replies":[{"embeddable":true,"href":"https:\/\/inclusioaltemporda.cat\/portal\/wp-json\/wp\/v2\/comments?post=6204"}],"version-history":[{"count":2,"href":"https:\/\/inclusioaltemporda.cat\/portal\/wp-json\/wp\/v2\/posts\/6204\/revisions"}],"predecessor-version":[{"id":6207,"href":"https:\/\/inclusioaltemporda.cat\/portal\/wp-json\/wp\/v2\/posts\/6204\/revisions\/6207"}],"wp:featuredmedia":[{"embeddable":true,"href":"https:\/\/inclusioaltemporda.cat\/portal\/wp-json\/wp\/v2\/media\/6205"}],"wp:attachment":[{"href":"https:\/\/inclusioaltemporda.cat\/portal\/wp-json\/wp\/v2\/media?parent=6204"}],"wp:term":[{"taxonomy":"category","embeddable":true,"href":"https:\/\/inclusioaltemporda.cat\/portal\/wp-json\/wp\/v2\/categories?post=6204"},{"taxonomy":"post_tag","embeddable":true,"href":"https:\/\/inclusioaltemporda.cat\/portal\/wp-json\/wp\/v2\/tags?post=6204"}],"curies":[{"name":"wp","href":"https:\/\/api.w.org\/{rel}","templated":true}]}}