{"id":6208,"date":"2017-03-07T08:36:13","date_gmt":"2017-03-07T07:36:13","guid":{"rendered":"https:\/\/inclusioaltemporda.cat\/portal\/?p=6208"},"modified":"2017-03-07T08:36:13","modified_gmt":"2017-03-07T07:36:13","slug":"larea-de-benestar-del-consell-comarcal-promou-el-pla-per-a-la-igualtat-de-genere-2016-2019","status":"publish","type":"post","link":"https:\/\/inclusioaltemporda.cat\/portal\/larea-de-benestar-del-consell-comarcal-promou-el-pla-per-a-la-igualtat-de-genere-2016-2019\/","title":{"rendered":"L&#8217;\u00e0rea de Benestar del Consell Comarcal promou el Pla per a la Igualtat de G\u00e8nere 2016-2019"},"content":{"rendered":"<p>El nou\u00a0Pla per a la Igualtat de G\u00e8nere 2016-2019 de l&#8217;Alt Empord\u00e0 va ser aprovat el\u00a0 22 de novembre pel ple del Consell Comarcal.<\/p>\n<p>Aquest Pla per a la Igualtat de G\u00e8nere estableix sis objectius estrat\u00e8gics, diferents objectius operatius i l\u00ednies d&#8217;acci\u00f3 orientats a promoure la igualtat d&#8217;oportunitats entre dones i homes de la comarca. El nou Pla d\u00f3na continu\u00eftat al treball iniciat fa deu anys, amb el primer Pla Comarcal de promoci\u00f3 de les pol\u00edtiques d&#8217;igualtat 2005-2007. Des d&#8217;aleshores, el Consell Comarcal ha comptat amb el Pla de Comarcal de promoci\u00f3 de les pol\u00edtiques d&#8217;igualtat 2008-2011 i el Pla d&#8217;Igualtat de G\u00e8nere de l&#8217;Alt Empord\u00e0 2013-2016.<\/p>\n<p>Aquest nou Pla refor\u00e7a, en primer lloc, el comprom\u00eds i l&#8217;acci\u00f3 comarcal per l&#8217;equitat de g\u00e8nere i obra un espai de treball per introduir la perspectiva de g\u00e8nere en el treball de les \u00e0rees del Consell Comarcal. En segon lloc, situa com a prioritat de l&#8217;acci\u00f3 de l&#8217;\u00e0rea de Benestar la millora del treball en xarxa entre els agents del territori i els serveis responsables de garantir la protecci\u00f3 dels drets de les dones i homes de la comarca i estableix com a l\u00ednia d&#8217;acci\u00f3 rellevant fomentar la participaci\u00f3 de les dones en tots els \u00e0mbits i nivells de la vida p\u00fablica i refor\u00e7ar el teixit associatiu de la comarca. En tercer lloc, el Pla estableix objectius concrets i accions per millorar els mecanismes per prevenir, detectar i eradicar la viol\u00e8ncia masclista. En quart lloc, obra una nova l\u00ednia de treball per apoderar les dones en situaci\u00f3 de risc d&#8217;exclusi\u00f3 social. En cinqu\u00e8 lloc, considera estrat\u00e8gic el treball comunitari i de sensibilitzaci\u00f3 orientat a refor\u00e7ar les accions per l&#8217;equitat de g\u00e8nere a la comarca i, finalment, en sis\u00e8 lloc, introdueix la interseccionalitat de g\u00e8nere i estableix accions concretes per garantir el dret a la igualtat i la no-discriminaci\u00f3 per motius d&#8217;orientaci\u00f3 sexual i identitat o expressi\u00f3 de g\u00e8nere.<\/p>\n<p>Des de la seva aprovaci\u00f3, l&#8217;\u00e0rea de Benestar ha posat en marxa diferents accions que estan en curs entre les quals, cal destacar, la formaci\u00f3 en g\u00e8nere de m\u00e9s de 20 t\u00e8cnics comarcals i municipals al llarg del primer trimestre de l&#8217;any; la creaci\u00f3 d&#8217;un equip t\u00e8cnic expert en g\u00e8nere a nivell comarcal que d\u00f3na suport als professionals de l&#8217;\u00e0rea de Benestar, a d&#8217;altres \u00e0rees de l&#8217;organitzaci\u00f3 comarcal i als ajuntaments; el refor\u00e7 en la coordinaci\u00f3 i el treball en xarxa dels espais t\u00e8cnics de treball com la Taula Comarcal de Viol\u00e8ncia de G\u00e8nere, la Taula Comarcal de Prostituci\u00f3 i la Taula de Mutilaci\u00f3 Genital Femenina i Matrimonis For\u00e7ats; la programaci\u00f3 d&#8217;una formaci\u00f3 en g\u00e8nere i en prevenci\u00f3 de viol\u00e8ncia masclista per a dones de diverses comunitats en col\u00b7laboraci\u00f3 amb la Fundaci\u00f3 Cepaim, aix\u00ed com una recerca qualitativa que est\u00e0 portant a terme la Fundaci\u00f3 Surt que ha de permetre con\u00e8ixer millor la valoraci\u00f3 dels circuits i serveis d&#8217;atenci\u00f3 de l&#8217;\u00e0rea de Benestar per atendre dones v\u00edctimes de viol\u00e8ncia masclista a la comarca.<\/p>\n<p>Els objectius i propostes d&#8217;acci\u00f3 que contempla aquest Pla per a la Igualtat de G\u00e8nere 2016-2019 s&#8217;integraran com a l\u00ednies estrat\u00e8giques del nou Pla per a la Inclusi\u00f3 i la Cohesi\u00f3 Social de l&#8217;Alt Empord\u00e0 2017-2019, que s&#8217;est\u00e0 definint en aquest moment.<\/p>\n<p>Podeu consultar el <a href=\"https:\/\/inclusioaltemporda.cat\/portal\/wp-content\/uploads\/PLA-IGUALTAT-2016-2019-DEFINITIU.pdf\">Pla per a la Igualtat de G\u00e8nere 2016-2019 del Consell Comarcal en aquest enlla\u00e7<\/a>.<\/p>\n","protected":false},"excerpt":{"rendered":"<p>El nou Pla per a la Igualtat de G\u00e8nere 2016-2019 de l&#8217;Alt Empord\u00e0 va ser aprovat el  22 de novembre pel ple del Consell Comarcal.<\/p>\n","protected":false},"author":3,"featured_media":6211,"comment_status":"closed","ping_status":"closed","sticky":false,"template":"","format":"standard","meta":{"footnotes":""},"categories":[106,100,107,101,105,104,103,1,108,12,102,11],"tags":[],"class_list":["post-6208","post","type-post","status-publish","format-standard","has-post-thumbnail","hentry","category-administracions","category-area-benestar","category-centres-recerca-universitats","category-ciutadania","category-empreses","category-entitats-socials","category-estudiants-escoles-instituts","category-general","category-mitjans-comunicacio","category-pla-dinclusio-2","category-professionals-ambit-social","category-taula-inclusio","category-106","category-100","category-107","category-101","category-105","category-104","category-103","category-1","category-108","category-12","category-102","category-11","description-off"],"_links":{"self":[{"href":"https:\/\/inclusioaltemporda.cat\/portal\/wp-json\/wp\/v2\/posts\/6208","targetHints":{"allow":["GET"]}}],"collection":[{"href":"https:\/\/inclusioaltemporda.cat\/portal\/wp-json\/wp\/v2\/posts"}],"about":[{"href":"https:\/\/inclusioaltemporda.cat\/portal\/wp-json\/wp\/v2\/types\/post"}],"author":[{"embeddable":true,"href":"https:\/\/inclusioaltemporda.cat\/portal\/wp-json\/wp\/v2\/users\/3"}],"replies":[{"embeddable":true,"href":"https:\/\/inclusioaltemporda.cat\/portal\/wp-json\/wp\/v2\/comments?post=6208"}],"version-history":[{"count":2,"href":"https:\/\/inclusioaltemporda.cat\/portal\/wp-json\/wp\/v2\/posts\/6208\/revisions"}],"predecessor-version":[{"id":6212,"href":"https:\/\/inclusioaltemporda.cat\/portal\/wp-json\/wp\/v2\/posts\/6208\/revisions\/6212"}],"wp:featuredmedia":[{"embeddable":true,"href":"https:\/\/inclusioaltemporda.cat\/portal\/wp-json\/wp\/v2\/media\/6211"}],"wp:attachment":[{"href":"https:\/\/inclusioaltemporda.cat\/portal\/wp-json\/wp\/v2\/media?parent=6208"}],"wp:term":[{"taxonomy":"category","embeddable":true,"href":"https:\/\/inclusioaltemporda.cat\/portal\/wp-json\/wp\/v2\/categories?post=6208"},{"taxonomy":"post_tag","embeddable":true,"href":"https:\/\/inclusioaltemporda.cat\/portal\/wp-json\/wp\/v2\/tags?post=6208"}],"curies":[{"name":"wp","href":"https:\/\/api.w.org\/{rel}","templated":true}]}}