{"id":6243,"date":"2017-04-20T08:05:21","date_gmt":"2017-04-20T07:05:21","guid":{"rendered":"https:\/\/inclusioaltemporda.cat\/portal\/?p=6243"},"modified":"2017-04-20T08:07:07","modified_gmt":"2017-04-20T07:07:07","slug":"nous-cursos-dacollida-a-roses","status":"publish","type":"post","link":"https:\/\/inclusioaltemporda.cat\/portal\/nous-cursos-dacollida-a-roses\/","title":{"rendered":"L&#8217;\u00e0rea de Benestar organitza nous cursos d&#8217;acollida a Roses"},"content":{"rendered":"<p>L&#8217;\u00e0rea de Benestar del Consell Comarcal de l\u2019Alt Empord\u00e0 organitza aquest mes d&#8217;abril i de maig nous cursos d&#8217;acollida al municipi de Roses, adre\u00e7ats a les persones nouvingudes per obtenir el certificat d\u2019acollida que els permeti regularitzar o renovar la seva situaci\u00f3 administrativa.<\/p>\n<p>Aquesta formaci\u00f3 permet assolir els coneixements b\u00e0sics que fan possible la plena efectivitat dels seus drets i deures laborals, tant per a l&#8217;acc\u00e9s al m\u00f3n laboral com per al desenvolupament del lloc de treball i la carrera professional.<\/p>\n<p>Aquests cursos d\u2019acollida, que compten amb el cofinan\u00e7ament del Fons Social Europeu i el suport de la Secretaria d\u2019Igualtat, Migracions i Ciutadania\u00a0 de la Generalitat de Catalunya i de l&#8217;ajuntament de Roses, se centraran en el m\u00f2dul B de coneixements laborals i m\u00f2dul C coneixement de la societat catalana i el seu marc jur\u00eddic.<\/p>\n<p align=\"justify\">Per obtenir el certificat d\u2019acollida, tal com estableix el nou Reglament d\u2019Acollida de la Generalitat de Catalunya, cal acreditar la participaci\u00f3 en tres m\u00f2duls de formaci\u00f3: un m\u00f2dul (A) per aprendre catal\u00e0 i castell\u00e0 amb un m\u00ednim de 90 hores de formaci\u00f3 en cadascuna de les dues lleng\u00fces oficials, un m\u00f2dul (B) sobre coneixements laborals amb una durada m\u00ednima de 15 hores i un tercer m\u00f2dul (C) sobre coneixement de la societat catalana i del seu marc jur\u00eddic amb un m\u00ednim de 15 hores.<\/p>\n<p class=\"western\" align=\"justify\">El curs del m\u00f2dul B tindr\u00e0 lloc del 26 d&#8217;abril al 3 de maig de 9 a 12h. El curs del m\u00f2dul C tindr\u00e0 lloc del 4 al 10 de maig de 9h a 12h. Tots dos cursos es portaran a terme a l&#8217;aula 2 de l&#8217;Escola d&#8217;Adults del Mercat Cobert de Roses.<\/p>\n<p class=\"western\" align=\"justify\">Les inscripcions es portaran a terme el mateix 26 d&#8217;abril a l&#8217;Escola d&#8217;Adults de Roses. Per a m\u00e9s informaci\u00f3 podeu contactar l&#8217;equip d&#8217;inclusi\u00f3 social i atenci\u00f3 a la comunitat (Tel. 972 677 050 &#8211; correu electr\u00f2nic: ssocials@altemporda.cat).<\/p>\n","protected":false},"excerpt":{"rendered":"<p>L&#8217;\u00e0rea de Benestar del Consell Comarcal de l\u2019Alt Empord\u00e0 organitza aquest mes d&#8217;abril i de maig nous cursos d&#8217;acollida al municipi de Roses adre\u00e7ats a les persones nouvingudes.<\/p>\n","protected":false},"author":3,"featured_media":6244,"comment_status":"closed","ping_status":"closed","sticky":false,"template":"","format":"standard","meta":{"footnotes":""},"categories":[33,100,101,104,1,108,12,11],"tags":[],"class_list":["post-6243","post","type-post","status-publish","format-standard","has-post-thumbnail","hentry","category-agenda","category-area-benestar","category-ciutadania","category-entitats-socials","category-general","category-mitjans-comunicacio","category-pla-dinclusio-2","category-taula-inclusio","category-33","category-100","category-101","category-104","category-1","category-108","category-12","category-11","description-off"],"_links":{"self":[{"href":"https:\/\/inclusioaltemporda.cat\/portal\/wp-json\/wp\/v2\/posts\/6243","targetHints":{"allow":["GET"]}}],"collection":[{"href":"https:\/\/inclusioaltemporda.cat\/portal\/wp-json\/wp\/v2\/posts"}],"about":[{"href":"https:\/\/inclusioaltemporda.cat\/portal\/wp-json\/wp\/v2\/types\/post"}],"author":[{"embeddable":true,"href":"https:\/\/inclusioaltemporda.cat\/portal\/wp-json\/wp\/v2\/users\/3"}],"replies":[{"embeddable":true,"href":"https:\/\/inclusioaltemporda.cat\/portal\/wp-json\/wp\/v2\/comments?post=6243"}],"version-history":[{"count":3,"href":"https:\/\/inclusioaltemporda.cat\/portal\/wp-json\/wp\/v2\/posts\/6243\/revisions"}],"predecessor-version":[{"id":6247,"href":"https:\/\/inclusioaltemporda.cat\/portal\/wp-json\/wp\/v2\/posts\/6243\/revisions\/6247"}],"wp:featuredmedia":[{"embeddable":true,"href":"https:\/\/inclusioaltemporda.cat\/portal\/wp-json\/wp\/v2\/media\/6244"}],"wp:attachment":[{"href":"https:\/\/inclusioaltemporda.cat\/portal\/wp-json\/wp\/v2\/media?parent=6243"}],"wp:term":[{"taxonomy":"category","embeddable":true,"href":"https:\/\/inclusioaltemporda.cat\/portal\/wp-json\/wp\/v2\/categories?post=6243"},{"taxonomy":"post_tag","embeddable":true,"href":"https:\/\/inclusioaltemporda.cat\/portal\/wp-json\/wp\/v2\/tags?post=6243"}],"curies":[{"name":"wp","href":"https:\/\/api.w.org\/{rel}","templated":true}]}}