{"id":6260,"date":"2017-05-04T08:00:11","date_gmt":"2017-05-04T07:00:11","guid":{"rendered":"https:\/\/inclusioaltemporda.cat\/portal\/?p=6260"},"modified":"2017-05-05T08:19:44","modified_gmt":"2017-05-05T07:19:44","slug":"convocatoria-2017-del-concurs-de-projectes-dinclusio-alt-emporda","status":"publish","type":"post","link":"https:\/\/inclusioaltemporda.cat\/portal\/convocatoria-2017-del-concurs-de-projectes-dinclusio-alt-emporda\/","title":{"rendered":"Convocat\u00f2ria 2017 del Concurs de projectes d&#8217;Inclusi\u00f3 Alt Empord\u00e0"},"content":{"rendered":"<p>El Consell Comarcal de l&#8217;Alt Empord\u00e0 ha obert el termini de presentaci\u00f3 de projectes a la <a href=\"https:\/\/inclusioaltemporda.cat\/portal\/concurs-projectes-inclusio\/\" target=\"_blank\">convocat\u00f2ria 2017 del Concurs de Projectes d&#8217;Inclusi\u00f3 Social a l&#8217;Alt Empord\u00e0<\/a> amb l&#8217;objectiu de fer emergir iniciatives innovadores en l&#8217;\u00e0mbit de la inclusi\u00f3 i la cohesi\u00f3 social i finan\u00e7ar projectes en el territori. Aquesta iniciativa, que s&#8217;emmarca en el Pla d&#8217;Inclusi\u00f3 i Cohesi\u00f3 Social de l&#8217;Alt Empord\u00e0, t\u00e9 com a finalitat millorar les condicions de vida de la poblaci\u00f3 de la comarca i refor\u00e7ar la cohesi\u00f3 social.<\/p>\n<p>Podran participar en el Concurs persones f\u00edsiques, entitats sense \u00e0nim de lucre, associacions, petites i mitjanes empreses i equips o centres de recerca d&#8217;universitats, que presentin projectes d&#8217;inclusi\u00f3 social a desenvolupar en un o m\u00e9s municipis de la comarca de l&#8217;Alt Empord\u00e0.<\/p>\n<p>L&#8217;objecte del Concurs \u00e9s atorgar ajut financer a projectes d&#8217;inclusi\u00f3 social a desenvolupar en els municipis de la comarca durant el curs 2016-2017. Es valoraran especialment aquells projectes amb perspectiva de g\u00e8nere orientats a promoure la inclusi\u00f3 social d&#8217;infants, adolescents, joves i les seves fam\u00edlies, i gent gran.<\/p>\n<p>Els \u00e0mbits d&#8217;aplicaci\u00f3 preferent en qu\u00e8 es podran definir els projectes d&#8217;inclusi\u00f3 social seran el formatiu i laboral, el residencial-habitatge, el relacional (xarxes de suport i treball amb la comunitat), i el de la ciutadania\/poblaci\u00f3 origen immigrant. El Concurs de Projectes d&#8217;Inclusi\u00f3 Alt Empord\u00e0 ofereix als projectes premiats implementar la proposta de treball entre octubre de 2016 i setembre de 2017 en un o m\u00e9s municipis de la comarca.<\/p>\n<p>El termini de presentaci\u00f3 restar\u00e0 obert fins el dia 23 de juny. Les sol\u00b7licituds s&#8217;han de presentar seguint els requisits de la convocat\u00f2ria i els models normalitzats que trobareu en <a title=\"II Concurs de projectes per a la Inclusi\u00f3 Social a l\u2019Alt Empord\u00e0\" href=\"https:\/\/inclusioaltemporda.cat\/portal\/concurs-projectes-inclusio\/\" target=\"_blank\">aquesta p\u00e0gina<\/a>.<\/p>\n<p>Podeu trobar informaci\u00f3 sobre els projectes premiats ens les edicions anteriors a trav\u00e9s dels seg\u00fcents links:<\/p>\n<p><a href=\"https:\/\/youtu.be\/BETakfTbQpA\" target=\"_blank\">Premi 2016. Projecte \u201cGrans Experts\u201d de C\u00e0ritas Diocesana de Girona<\/a><\/p>\n<p><a href=\"https:\/\/www.youtube.com\/watch?v=4xCUV0MTCPo\" target=\"_blank\">Premi 2015. Projecte \u201cTothom pot navegar\u201d del GEN Roses<\/a><\/p>\n<p><a href=\"https:\/\/youtu.be\/qNldFujkJvo\" target=\"_blank\">Premi 2013. Projecte \u201cLa cuina, cooperativisme a foc lent\u201d de la Cooperativa Eines<\/a><\/p>\n<p><a href=\"https:\/\/youtu.be\/nwMomGkJQWU\" target=\"_blank\">Premi 2013 (acc\u00e8ssit). Projecte laboral \u201cReciclatge de paper\u201d de l\u2019Associaci\u00f3 El Tamariu<\/a><\/p>\n","protected":false},"excerpt":{"rendered":"<p>La convocat\u00f2ria t\u00e9 l&#8217;objectiu de fer emergir iniciatives innovadores en l&#8217;\u00e0mbit de la inclusi\u00f3 i la cohesi\u00f3 social i finan\u00e7ar projectes en el territori<\/p>\n","protected":false},"author":2,"featured_media":6263,"comment_status":"closed","ping_status":"closed","sticky":false,"template":"","format":"standard","meta":{"footnotes":""},"categories":[106,33,100,107,101,105,104,103,1,108,12],"tags":[],"class_list":["post-6260","post","type-post","status-publish","format-standard","has-post-thumbnail","hentry","category-administracions","category-agenda","category-area-benestar","category-centres-recerca-universitats","category-ciutadania","category-empreses","category-entitats-socials","category-estudiants-escoles-instituts","category-general","category-mitjans-comunicacio","category-pla-dinclusio-2","category-106","category-33","category-100","category-107","category-101","category-105","category-104","category-103","category-1","category-108","category-12","description-off"],"_links":{"self":[{"href":"https:\/\/inclusioaltemporda.cat\/portal\/wp-json\/wp\/v2\/posts\/6260","targetHints":{"allow":["GET"]}}],"collection":[{"href":"https:\/\/inclusioaltemporda.cat\/portal\/wp-json\/wp\/v2\/posts"}],"about":[{"href":"https:\/\/inclusioaltemporda.cat\/portal\/wp-json\/wp\/v2\/types\/post"}],"author":[{"embeddable":true,"href":"https:\/\/inclusioaltemporda.cat\/portal\/wp-json\/wp\/v2\/users\/2"}],"replies":[{"embeddable":true,"href":"https:\/\/inclusioaltemporda.cat\/portal\/wp-json\/wp\/v2\/comments?post=6260"}],"version-history":[{"count":5,"href":"https:\/\/inclusioaltemporda.cat\/portal\/wp-json\/wp\/v2\/posts\/6260\/revisions"}],"predecessor-version":[{"id":6270,"href":"https:\/\/inclusioaltemporda.cat\/portal\/wp-json\/wp\/v2\/posts\/6260\/revisions\/6270"}],"wp:featuredmedia":[{"embeddable":true,"href":"https:\/\/inclusioaltemporda.cat\/portal\/wp-json\/wp\/v2\/media\/6263"}],"wp:attachment":[{"href":"https:\/\/inclusioaltemporda.cat\/portal\/wp-json\/wp\/v2\/media?parent=6260"}],"wp:term":[{"taxonomy":"category","embeddable":true,"href":"https:\/\/inclusioaltemporda.cat\/portal\/wp-json\/wp\/v2\/categories?post=6260"},{"taxonomy":"post_tag","embeddable":true,"href":"https:\/\/inclusioaltemporda.cat\/portal\/wp-json\/wp\/v2\/tags?post=6260"}],"curies":[{"name":"wp","href":"https:\/\/api.w.org\/{rel}","templated":true}]}}