{"id":6276,"date":"2017-05-15T10:01:11","date_gmt":"2017-05-15T09:01:11","guid":{"rendered":"https:\/\/inclusioaltemporda.cat\/portal\/?p=6276"},"modified":"2017-05-15T10:09:22","modified_gmt":"2017-05-15T09:09:22","slug":"inici-del-projecte-oficis-per-a-la-comunitat-noves-oportunitats-per-sortir-de-la-crisi","status":"publish","type":"post","link":"https:\/\/inclusioaltemporda.cat\/portal\/inici-del-projecte-oficis-per-a-la-comunitat-noves-oportunitats-per-sortir-de-la-crisi\/","title":{"rendered":"Inici del projecte &#8220;Oficis per a la comunitat: noves oportunitats per sortir de la crisi&#8221;"},"content":{"rendered":"<p>Aquesta setmana arrenca la tercera edici\u00f3 del projecte &#8220;Oficis per a la comunitat: noves oportunitats per sortir de la crisi&#8221; amb la incorporaci\u00f3 de 3 professionals que s&#8217;integraran en diferents equips de treball de l&#8217;\u00c0rea de Benestar del Consell Comarcal de l&#8217;Alt Empord\u00e0.<\/p>\n<p>El projecte \u201cOficis per a la comunitat: noves oportunitats per sortir de la crisi\u201d, liderat pel Consell Comarcal i finan\u00e7at per la convocat\u00f2ria d&#8217;accions d&#8217;ocupaci\u00f3 del programa &#8220;Salut i Crisi&#8221; de Dipsalut, pret\u00e9n facilitar l&#8217;ocupabilitat de persones directament afectades per la crisi en programes comarcals. En aquest sentit, el projecte vol promoure oportunitats laborals en les pr\u00f2pies estructures dels serveis socials b\u00e0sics del Consell, promoure la creaci\u00f3 de llocs de treball que reverteixin i benefici\u00efn la poblaci\u00f3 en risc afectada per la crisi, i en tercer lloc, incentivar nous programes comunitaris que facilitin l&#8217;ocupabilitat futura de perfils de risc en el territori en activitats productives autogestionades i sostenibles.<\/p>\n<p>L&#8217;objectiu del projecte \u00e9s oferir a les persones participants l&#8217;oportunitat de reincorporar-se al mercat laboral, concretament en projectes que reverteixen en poblaci\u00f3 en situaci\u00f3 de risc d&#8217;exclusi\u00f3, i alhora treballar les seves capacitats i potencialitats a trav\u00e9s d&#8217;una acompanyament especialitzat que permeti afavorir la seva inserci\u00f3 laboral un cop finalitzada la seva participaci\u00f3 en el projecte.<\/p>\n<p>Les persones contractades s&#8217;integraran en el servei d&#8217;informaci\u00f3 i atenci\u00f3 al p\u00fablic de l&#8217;\u00c0rea de Benestar.<\/p>\n","protected":false},"excerpt":{"rendered":"<p>Aquesta setmana arrenca la tercera edici\u00f3 del projecteamb la incorporaci\u00f3 de 3 professionals en diferents equips de treball de l&#8217;\u00c0rea de Benestar del Consell Comarcal <\/p>\n","protected":false},"author":2,"featured_media":6278,"comment_status":"closed","ping_status":"closed","sticky":false,"template":"","format":"standard","meta":{"footnotes":""},"categories":[106,100,101,105,1,108],"tags":[],"class_list":["post-6276","post","type-post","status-publish","format-standard","has-post-thumbnail","hentry","category-administracions","category-area-benestar","category-ciutadania","category-empreses","category-general","category-mitjans-comunicacio","category-106","category-100","category-101","category-105","category-1","category-108","description-off"],"_links":{"self":[{"href":"https:\/\/inclusioaltemporda.cat\/portal\/wp-json\/wp\/v2\/posts\/6276","targetHints":{"allow":["GET"]}}],"collection":[{"href":"https:\/\/inclusioaltemporda.cat\/portal\/wp-json\/wp\/v2\/posts"}],"about":[{"href":"https:\/\/inclusioaltemporda.cat\/portal\/wp-json\/wp\/v2\/types\/post"}],"author":[{"embeddable":true,"href":"https:\/\/inclusioaltemporda.cat\/portal\/wp-json\/wp\/v2\/users\/2"}],"replies":[{"embeddable":true,"href":"https:\/\/inclusioaltemporda.cat\/portal\/wp-json\/wp\/v2\/comments?post=6276"}],"version-history":[{"count":4,"href":"https:\/\/inclusioaltemporda.cat\/portal\/wp-json\/wp\/v2\/posts\/6276\/revisions"}],"predecessor-version":[{"id":6281,"href":"https:\/\/inclusioaltemporda.cat\/portal\/wp-json\/wp\/v2\/posts\/6276\/revisions\/6281"}],"wp:featuredmedia":[{"embeddable":true,"href":"https:\/\/inclusioaltemporda.cat\/portal\/wp-json\/wp\/v2\/media\/6278"}],"wp:attachment":[{"href":"https:\/\/inclusioaltemporda.cat\/portal\/wp-json\/wp\/v2\/media?parent=6276"}],"wp:term":[{"taxonomy":"category","embeddable":true,"href":"https:\/\/inclusioaltemporda.cat\/portal\/wp-json\/wp\/v2\/categories?post=6276"},{"taxonomy":"post_tag","embeddable":true,"href":"https:\/\/inclusioaltemporda.cat\/portal\/wp-json\/wp\/v2\/tags?post=6276"}],"curies":[{"name":"wp","href":"https:\/\/api.w.org\/{rel}","templated":true}]}}