{"id":6283,"date":"2017-05-17T08:01:51","date_gmt":"2017-05-17T07:01:51","guid":{"rendered":"https:\/\/inclusioaltemporda.cat\/portal\/?p=6283"},"modified":"2017-05-17T08:01:51","modified_gmt":"2017-05-17T07:01:51","slug":"formacio-sobre-diversitat-religiosa-als-professionals-de-larea-de-benestar","status":"publish","type":"post","link":"https:\/\/inclusioaltemporda.cat\/portal\/formacio-sobre-diversitat-religiosa-als-professionals-de-larea-de-benestar\/","title":{"rendered":"Formaci\u00f3 sobre diversitat religiosa als professionals de l&#8217;\u00e0rea de Benestar"},"content":{"rendered":"<p align=\"justify\">L&#8217;equip d&#8217;Inclusi\u00f3 social ha organitzat dues jornades de formaci\u00f3 per a professionals de l&#8217;\u00e0rea de Benestar Social sobre l&#8217;atenci\u00f3 a la diversitat religiosa. Aquesta formaci\u00f3 compta amb el suport de la Direcci\u00f3 General d&#8217;Afers Religiosos de la Generalitat de Catalunya.<\/p>\n<p align=\"justify\">La formaci\u00f3, a c\u00e0rrec del soci\u00f2leg Joan G\u00f3mez, ofereix una introducci\u00f3 hist\u00f2rica sobre les religions al m\u00f3n i se centra en con\u00e8ixer el mapa religi\u00f3s de Catalunya, per facilitar una coneixement m\u00e9s complert de les religions i les seves tradicions i la seva incid\u00e8ncia en la nostra vida quotidiana.<\/p>\n<p align=\"justify\">Des d&#8217;aquesta formaci\u00f3, que ha tingut lloc els dies 22 de mar\u00e7 i 17 de maig, tamb\u00e9 es dinamitza un espai obert de di\u00e0leg on els professionals presenten situacions quotidianes que tenen a veure amb la diversitat religiosa i que requereixen d&#8217;una reflexi\u00f3 per tal de poder treballar els estereotips i els prejudicis, des de posicions de respecte i igualtat.<\/p>\n<p align=\"justify\">Aquesta acci\u00f3 formativa forma part de les accions de sensibilitzaci\u00f3 i formaci\u00f3 que promou el Pla d&#8217;Inclusi\u00f3 per facilitar instruments per a la intervenci\u00f3 social, amb l&#8217;objectiu de compartir estrat\u00e8gies per treballar la gesti\u00f3 de la diversitat, des d&#8217;una perspectiva d&#8217;igualtat de g\u00e8nere i de respecte al dret a la llibertat religiosa de totes les dones i homes de la comarca.<\/p>\n","protected":false},"excerpt":{"rendered":"<p>L&#8217;equip d&#8217;Inclusi\u00f3 social ha organitzat dues jornades de formaci\u00f3 per a professionals de l&#8217;\u00e0rea de Benestar Social sobre l&#8217;atenci\u00f3 a la diversitat religiosa. Aquesta formaci\u00f3 compta amb el suport de la Direcci\u00f3 General d&#8217;Afers Religiosos de la Generalitat de Catalunya.<\/p>\n","protected":false},"author":3,"featured_media":6284,"comment_status":"closed","ping_status":"closed","sticky":false,"template":"","format":"standard","meta":{"footnotes":""},"categories":[106,33,100,101,105,104,103,1,108,12,102],"tags":[],"class_list":["post-6283","post","type-post","status-publish","format-standard","has-post-thumbnail","hentry","category-administracions","category-agenda","category-area-benestar","category-ciutadania","category-empreses","category-entitats-socials","category-estudiants-escoles-instituts","category-general","category-mitjans-comunicacio","category-pla-dinclusio-2","category-professionals-ambit-social","category-106","category-33","category-100","category-101","category-105","category-104","category-103","category-1","category-108","category-12","category-102","description-off"],"_links":{"self":[{"href":"https:\/\/inclusioaltemporda.cat\/portal\/wp-json\/wp\/v2\/posts\/6283","targetHints":{"allow":["GET"]}}],"collection":[{"href":"https:\/\/inclusioaltemporda.cat\/portal\/wp-json\/wp\/v2\/posts"}],"about":[{"href":"https:\/\/inclusioaltemporda.cat\/portal\/wp-json\/wp\/v2\/types\/post"}],"author":[{"embeddable":true,"href":"https:\/\/inclusioaltemporda.cat\/portal\/wp-json\/wp\/v2\/users\/3"}],"replies":[{"embeddable":true,"href":"https:\/\/inclusioaltemporda.cat\/portal\/wp-json\/wp\/v2\/comments?post=6283"}],"version-history":[{"count":1,"href":"https:\/\/inclusioaltemporda.cat\/portal\/wp-json\/wp\/v2\/posts\/6283\/revisions"}],"predecessor-version":[{"id":6285,"href":"https:\/\/inclusioaltemporda.cat\/portal\/wp-json\/wp\/v2\/posts\/6283\/revisions\/6285"}],"wp:featuredmedia":[{"embeddable":true,"href":"https:\/\/inclusioaltemporda.cat\/portal\/wp-json\/wp\/v2\/media\/6284"}],"wp:attachment":[{"href":"https:\/\/inclusioaltemporda.cat\/portal\/wp-json\/wp\/v2\/media?parent=6283"}],"wp:term":[{"taxonomy":"category","embeddable":true,"href":"https:\/\/inclusioaltemporda.cat\/portal\/wp-json\/wp\/v2\/categories?post=6283"},{"taxonomy":"post_tag","embeddable":true,"href":"https:\/\/inclusioaltemporda.cat\/portal\/wp-json\/wp\/v2\/tags?post=6283"}],"curies":[{"name":"wp","href":"https:\/\/api.w.org\/{rel}","templated":true}]}}