{"id":6286,"date":"2017-05-23T11:27:50","date_gmt":"2017-05-23T10:27:50","guid":{"rendered":"https:\/\/inclusioaltemporda.cat\/portal\/?p=6286"},"modified":"2017-06-02T14:07:07","modified_gmt":"2017-06-02T13:07:07","slug":"jornada-final-del-micro-projecte-transfronterer-sobre-capacitacio-parental","status":"publish","type":"post","link":"https:\/\/inclusioaltemporda.cat\/portal\/jornada-final-del-micro-projecte-transfronterer-sobre-capacitacio-parental\/","title":{"rendered":"Jornada final del micro-projecte transfronterer sobre capacitaci\u00f3 parental"},"content":{"rendered":"<p align=\"justify\">Avui ha\u00a0 tingut lloc a Figueres la jornada de tancament del micro-projecte transfronterer sobre bones pr\u00e0ctiques en capacitaci\u00f3 parental per a fam\u00edlies en risc d&#8217;exclusi\u00f3 social a l&#8217;espai catal\u00e0 transfronterer que ha portat a terme l&#8217;\u00e0rea de Benestar en els darrers mesos, en qu\u00e8 han participat 70 professionals de les dues vessants de la frontera..<\/p>\n<p align=\"justify\">Al llarg del darrer any, un equip de l&#8217;\u00e0rea de Benestar del Consell Comarcal de l&#8217;Alt Empord\u00e0 ha posat en marxa i ha coordinat conjuntament amb el soci franc\u00e8s <a href=\"http:\/\/www.faire-ess.fr\/\">IRTS-Perpignan<\/a>, aquest projecte en el qual ha participat un grup de 29 professionals de l&#8217;\u00e0mbit de l&#8217;atenci\u00f3 a la inf\u00e0ncia, l&#8217;adolesc\u00e8ncia i les fam\u00edlies de 9 serveis de banda i banda de la frontera.<\/p>\n<p align=\"justify\">Aquest projecte transfronterer, que ha comptat amb una subvenci\u00f3 del programa de subvencions pluriennals Eurodistricte atorgat per la Generalitat de Catalunya i el Departament dels Pirineus Orientals, s&#8217;ha centrat en l&#8217;intercanvi de bones pr\u00e0ctiques i de coneixement sobre metodologies d&#8217;intervenci\u00f3 per refor\u00e7ar la capacitaci\u00f3 parental de les fam\u00edlies ateses pels equips d&#8217;atenci\u00f3 a la inf\u00e0ncia, l&#8217;adolesc\u00e8ncia i les fam\u00edlies en les dues vessants de la frontera.<\/p>\n<p><a href=\"https:\/\/inclusioaltemporda.cat\/portal\/wp-content\/uploads\/Projecte_transfronterer_v3.pdf\">Podeu consultar el document final del projecte en aquest enlla\u00e7<\/a>.<\/p>\n<p><a href=\"https:\/\/www.youtube.com\/watch?v=nEQIpHPELR0&amp;feature=youtu.be\">Podeu visionar el v\u00eddeo del projecte en aquest enlla\u00e7<\/a>.<\/p>\n","protected":false},"excerpt":{"rendered":"<p>Avui ha tingut lloc a  Figueres la jornada de tancament del micro-projecte transfronterer sobre bones pr\u00e0ctiques en capacitaci\u00f3 parental per a fam\u00edlies en risc d&#8217;exclusi\u00f3 social a l&#8217;espai catal\u00e0 transfronterer en qu\u00e8 han participat 70 professionals de les dues vessants de la frontera. Ja podeu consultar el document i el v\u00eddeo del projecte. <\/p>\n","protected":false},"author":3,"featured_media":6311,"comment_status":"closed","ping_status":"closed","sticky":false,"template":"","format":"standard","meta":{"footnotes":""},"categories":[106,100,107,101,105,104,103,1,108,13,12,102,115],"tags":[],"class_list":["post-6286","post","type-post","status-publish","format-standard","has-post-thumbnail","hentry","category-administracions","category-area-benestar","category-centres-recerca-universitats","category-ciutadania","category-empreses","category-entitats-socials","category-estudiants-escoles-instituts","category-general","category-mitjans-comunicacio","category-observatori-inclusio-social-alt-emporda","category-pla-dinclusio-2","category-professionals-ambit-social","category-projectes-transfronterers","category-106","category-100","category-107","category-101","category-105","category-104","category-103","category-1","category-108","category-13","category-12","category-102","category-115","description-off"],"_links":{"self":[{"href":"https:\/\/inclusioaltemporda.cat\/portal\/wp-json\/wp\/v2\/posts\/6286","targetHints":{"allow":["GET"]}}],"collection":[{"href":"https:\/\/inclusioaltemporda.cat\/portal\/wp-json\/wp\/v2\/posts"}],"about":[{"href":"https:\/\/inclusioaltemporda.cat\/portal\/wp-json\/wp\/v2\/types\/post"}],"author":[{"embeddable":true,"href":"https:\/\/inclusioaltemporda.cat\/portal\/wp-json\/wp\/v2\/users\/3"}],"replies":[{"embeddable":true,"href":"https:\/\/inclusioaltemporda.cat\/portal\/wp-json\/wp\/v2\/comments?post=6286"}],"version-history":[{"count":6,"href":"https:\/\/inclusioaltemporda.cat\/portal\/wp-json\/wp\/v2\/posts\/6286\/revisions"}],"predecessor-version":[{"id":6312,"href":"https:\/\/inclusioaltemporda.cat\/portal\/wp-json\/wp\/v2\/posts\/6286\/revisions\/6312"}],"wp:featuredmedia":[{"embeddable":true,"href":"https:\/\/inclusioaltemporda.cat\/portal\/wp-json\/wp\/v2\/media\/6311"}],"wp:attachment":[{"href":"https:\/\/inclusioaltemporda.cat\/portal\/wp-json\/wp\/v2\/media?parent=6286"}],"wp:term":[{"taxonomy":"category","embeddable":true,"href":"https:\/\/inclusioaltemporda.cat\/portal\/wp-json\/wp\/v2\/categories?post=6286"},{"taxonomy":"post_tag","embeddable":true,"href":"https:\/\/inclusioaltemporda.cat\/portal\/wp-json\/wp\/v2\/tags?post=6286"}],"curies":[{"name":"wp","href":"https:\/\/api.w.org\/{rel}","templated":true}]}}