{"id":629,"date":"2012-11-19T13:02:51","date_gmt":"2012-11-19T12:02:51","guid":{"rendered":"https:\/\/inclusioaltemporda.cat\/portal\/?p=629"},"modified":"2016-02-01T09:21:55","modified_gmt":"2016-02-01T08:21:55","slug":"jornada-nosaltres-estrategies-per-combatre-els-rumors","status":"publish","type":"post","link":"https:\/\/inclusioaltemporda.cat\/portal\/jornada-nosaltres-estrategies-per-combatre-els-rumors\/","title":{"rendered":"Jornada NOS+ALTRES. Estrat\u00e8gies per combatre els rumors."},"content":{"rendered":"<p><!--:CA-->L\u2019\u00e0rea de Benestar del Consell Comarcal de l&#8217;Alt Empord\u00e0, conjuntament amb el Servei de Benestar Social de l\u2019Ajuntament de Figueres i amb el suport de la direcci\u00f3 general per a la Immigraci\u00f3 de la Generalitat de Catalunya, organitzar\u00e0 el proper 21 de novembre, una nova edici\u00f3 de la jornada &#8220;Nos+altres, cicle de jornades entorn de la nova ciutadania\u201d. En aquesta edici\u00f3 es debatr\u00e0 sobre el tema \u201cGesti\u00f3 dels rumors vinculats a la immigraci\u00f3. Del concepte a la pr\u00e0ctica\u201d.<\/p>\n<p>La immigraci\u00f3 planteja a les administracions locals, particularment als seus professionals, interrogants i dificultats que necessiten, sovint, de m\u00e9s informaci\u00f3 i coneixement. Aquesta edici\u00f3 del Nos+altres \u00e9s una nova oportunitat per aprofundir en un conjunt d&#8217;actuacions for\u00e7a innovadores per combatre els rumors entorn a les persones d&#8217;origen immigrant. Aquesta jornada \u00e9s una espai i una eina de sensibilitzaci\u00f3 orientada a afavorir la conviv\u00e8ncia i la cohesi\u00f3 social.<\/p>\n<p>La presentaci\u00f3 de la jornada anir\u00e0 a c\u00e0rrec de Rafael Crespo, membres del Centre d\u2019Estudis Africans i Interculturals que analitzar\u00e0, entre altres temes, com afecten els t\u00f2pics i els rumors a la integraci\u00f3 social, laboral i cultural de la poblaci\u00f3 nouvinguda. Al llarg del mat\u00ed es formularan un conjunt de propostes, respostes i iniciatives en contra dels rumors, es presentaran experi\u00e8ncies i es plantejaran accions que es poden realitzar des del m\u00f3n local.<\/p>\n<p>A la sessi\u00f3 de la tarda intervindr\u00e0 Rodrigo Prieto, coordinador de projectes de l\u2019Institut Diversitas de l\u2019\u00c0mbit Maria Corral. La jornada es clour\u00e0 amb una \u201ctaller anti-rumors\u201d a c\u00e0rrec d\u2019aquesta mateix t\u00e8cnic i amb la participaci\u00f3 oberta a tots els assistents.<\/p>\n<p>Nos+altres \u00e9s un cicle de jornades anual que t\u00e9 com objectiu oferir un espai de formaci\u00f3 sobre les diferents realitats culturals que conviuen a l&#8217;Alt Empord\u00e0 i, alhora, ser una eina de sensibilitzaci\u00f3 que afavoreixi la conviv\u00e8ncia i la cohesi\u00f3 social. Les jornades estan obertes al p\u00fablic en general i es pot assistir tant al conjunt de les sessions com a alguna de les confer\u00e8ncies que s\u2019hi desenvoluparan. La inscripci\u00f3 \u00e9s gratu\u00efta, per\u00f2 cal formalitzar-la a les \u00e0rees de Serveis Socials del Consell Comarcal o de l\u2019Ajuntament de Figueres.<!--:--><!--:en--><\/p>\n<p><!--:--><!--:fr--><\/p>\n<p><!--:--><!--:es--><\/p>\n<p><!--:--><\/p>\n","protected":false},"excerpt":{"rendered":"<p>L\u2019\u00e0rea de Benestar del Consell Comarcal de l&#8217;Alt Empord\u00e0, conjuntament amb el Servei de Benestar Social de l\u2019Ajuntament de Figueres i amb el suport de la direcci\u00f3 general per a&hellip;<\/p>\n","protected":false},"author":3,"featured_media":632,"comment_status":"closed","ping_status":"closed","sticky":false,"template":"","format":"standard","meta":{"footnotes":""},"categories":[12],"tags":[16],"class_list":["post-629","post","type-post","status-publish","format-standard","has-post-thumbnail","hentry","category-pla-dinclusio-2","tag-pla-inclusio","category-12","description-off"],"_links":{"self":[{"href":"https:\/\/inclusioaltemporda.cat\/portal\/wp-json\/wp\/v2\/posts\/629","targetHints":{"allow":["GET"]}}],"collection":[{"href":"https:\/\/inclusioaltemporda.cat\/portal\/wp-json\/wp\/v2\/posts"}],"about":[{"href":"https:\/\/inclusioaltemporda.cat\/portal\/wp-json\/wp\/v2\/types\/post"}],"author":[{"embeddable":true,"href":"https:\/\/inclusioaltemporda.cat\/portal\/wp-json\/wp\/v2\/users\/3"}],"replies":[{"embeddable":true,"href":"https:\/\/inclusioaltemporda.cat\/portal\/wp-json\/wp\/v2\/comments?post=629"}],"version-history":[{"count":11,"href":"https:\/\/inclusioaltemporda.cat\/portal\/wp-json\/wp\/v2\/posts\/629\/revisions"}],"predecessor-version":[{"id":3364,"href":"https:\/\/inclusioaltemporda.cat\/portal\/wp-json\/wp\/v2\/posts\/629\/revisions\/3364"}],"wp:featuredmedia":[{"embeddable":true,"href":"https:\/\/inclusioaltemporda.cat\/portal\/wp-json\/wp\/v2\/media\/632"}],"wp:attachment":[{"href":"https:\/\/inclusioaltemporda.cat\/portal\/wp-json\/wp\/v2\/media?parent=629"}],"wp:term":[{"taxonomy":"category","embeddable":true,"href":"https:\/\/inclusioaltemporda.cat\/portal\/wp-json\/wp\/v2\/categories?post=629"},{"taxonomy":"post_tag","embeddable":true,"href":"https:\/\/inclusioaltemporda.cat\/portal\/wp-json\/wp\/v2\/tags?post=629"}],"curies":[{"name":"wp","href":"https:\/\/api.w.org\/{rel}","templated":true}]}}