{"id":6326,"date":"2017-06-15T12:19:59","date_gmt":"2017-06-15T11:19:59","guid":{"rendered":"https:\/\/inclusioaltemporda.cat\/portal\/?p=6326"},"modified":"2017-06-15T12:19:59","modified_gmt":"2017-06-15T11:19:59","slug":"larea-de-benestar-participa-en-la-i-jornada-de-comites-detica-en-serveis-socials-de-catalunya","status":"publish","type":"post","link":"https:\/\/inclusioaltemporda.cat\/portal\/larea-de-benestar-participa-en-la-i-jornada-de-comites-detica-en-serveis-socials-de-catalunya\/","title":{"rendered":"L&#8217;\u00e0rea de Benestar participa en la I Jornada de Comit\u00e8s d&#8217;\u00c8tica en Serveis Socials de Catalunya"},"content":{"rendered":"<p>El Comit\u00e8 d&#8217;\u00c8tica de l&#8217;\u00e0rea del Benestar del Consell Comarcal va participar el 2 de juny passat en la I Jornada de Comit\u00e8s d&#8217;\u00c8tica en Serveis Socials de Catalunya.<\/p>\n<p>En aquesta jornada, que es va celebrar a Barcelona i a la qual van assistir diversos professionals de tot el territori, els representants del Comit\u00e8 d&#8217;\u00c8tica va presentar el document &#8220;<em>Els Centres de Distribuci\u00f3 d&#8217;Aliments: un model a transformar<\/em>?&#8221; en el marc d&#8217;una taula rodona on altres Comit\u00e8s d&#8217;\u00c8tica van presentar experi\u00e8ncies en relaci\u00f3 a l&#8217;atenci\u00f3 a l&#8217;efectivitat de persones amb discapacitat; la valoraci\u00f3 de la compet\u00e8ncia en resid\u00e8ncies de gent gran i la reflexi\u00f3 sobre les maneres de vestir en centres residencials de menors.<\/p>\n<p>L&#8217;objectiu d&#8217;aquesta primera jornada va ser donar a con\u00e8ixer els Comit\u00e8s d&#8217;\u00c8tica en intervenci\u00f3 social i les q\u00fcestions que s\u00f3n objecte de reflexi\u00f3 professional en aquests espais.<\/p>\n<p>Si teniu inter\u00e8s a consultar el document <em>Els Centres de Distribuci\u00f3 d&#8217;Aliments: un model a transformar<\/em>? ho podeu fer <a href=\"https:\/\/inclusioaltemporda.cat\/portal\/wp-content\/uploads\/3-MODEL-CDA.pdf\">en aquest enlla\u00e7<\/a>.<\/p>\n<p>&nbsp;<\/p>\n<p>&nbsp;<\/p>\n<p>&nbsp;<\/p>\n<p>&nbsp;<\/p>\n<p>&nbsp;<\/p>\n","protected":false},"excerpt":{"rendered":"<p>El Comit\u00e8 d&#8217;\u00c8tica de l&#8217;\u00e0rea del Benestar del Consell Comarcal va participar el 2 de juny passat en la I Jornada de Comit\u00e8s d&#8217;\u00c8tica en Serveis Socials de Catalunya.<\/p>\n","protected":false},"author":3,"featured_media":6330,"comment_status":"closed","ping_status":"closed","sticky":false,"template":"","format":"standard","meta":{"footnotes":""},"categories":[106,100,107,104,1,108,102],"tags":[],"class_list":["post-6326","post","type-post","status-publish","format-standard","has-post-thumbnail","hentry","category-administracions","category-area-benestar","category-centres-recerca-universitats","category-entitats-socials","category-general","category-mitjans-comunicacio","category-professionals-ambit-social","category-106","category-100","category-107","category-104","category-1","category-108","category-102","description-off"],"_links":{"self":[{"href":"https:\/\/inclusioaltemporda.cat\/portal\/wp-json\/wp\/v2\/posts\/6326","targetHints":{"allow":["GET"]}}],"collection":[{"href":"https:\/\/inclusioaltemporda.cat\/portal\/wp-json\/wp\/v2\/posts"}],"about":[{"href":"https:\/\/inclusioaltemporda.cat\/portal\/wp-json\/wp\/v2\/types\/post"}],"author":[{"embeddable":true,"href":"https:\/\/inclusioaltemporda.cat\/portal\/wp-json\/wp\/v2\/users\/3"}],"replies":[{"embeddable":true,"href":"https:\/\/inclusioaltemporda.cat\/portal\/wp-json\/wp\/v2\/comments?post=6326"}],"version-history":[{"count":3,"href":"https:\/\/inclusioaltemporda.cat\/portal\/wp-json\/wp\/v2\/posts\/6326\/revisions"}],"predecessor-version":[{"id":6331,"href":"https:\/\/inclusioaltemporda.cat\/portal\/wp-json\/wp\/v2\/posts\/6326\/revisions\/6331"}],"wp:featuredmedia":[{"embeddable":true,"href":"https:\/\/inclusioaltemporda.cat\/portal\/wp-json\/wp\/v2\/media\/6330"}],"wp:attachment":[{"href":"https:\/\/inclusioaltemporda.cat\/portal\/wp-json\/wp\/v2\/media?parent=6326"}],"wp:term":[{"taxonomy":"category","embeddable":true,"href":"https:\/\/inclusioaltemporda.cat\/portal\/wp-json\/wp\/v2\/categories?post=6326"},{"taxonomy":"post_tag","embeddable":true,"href":"https:\/\/inclusioaltemporda.cat\/portal\/wp-json\/wp\/v2\/tags?post=6326"}],"curies":[{"name":"wp","href":"https:\/\/api.w.org\/{rel}","templated":true}]}}