{"id":6346,"date":"2017-06-22T11:48:09","date_gmt":"2017-06-22T10:48:09","guid":{"rendered":"https:\/\/inclusioaltemporda.cat\/portal\/?p=6346"},"modified":"2017-06-23T09:26:08","modified_gmt":"2017-06-23T08:26:08","slug":"nova-imatge-per-al-pla-dinclusio-de-lalt-emporda","status":"publish","type":"post","link":"https:\/\/inclusioaltemporda.cat\/portal\/nova-imatge-per-al-pla-dinclusio-de-lalt-emporda\/","title":{"rendered":"Nova imatge per al Pla d&#8217;Inclusi\u00f3 de l&#8217;Alt Empord\u00e0"},"content":{"rendered":"<p>El Pla d&#8217;Inclusi\u00f3 de l&#8217;Alt Empord\u00e0 renova la seva imatge per refor\u00e7ar els projectes i les accions d&#8217;inclusi\u00f3 social que es despleguen a la comarca de l&#8217;Alt Empord\u00e0.<\/p>\n<p>Aquesta nova marca, integrada per quatre eixos de colors vius que representen la diversitat de la comarca, aposta per utilitzar de forma destacada el prefix IN amb la voluntat de refor\u00e7ar les accions d&#8217;inclusi\u00f3 a la comarca. Les accions IN s\u00f3n aquelles accions que promou l&#8217;\u00e0rea de Benestar del Consell Comarcal de l&#8217;Alt Empord\u00e0 amb una visi\u00f3 inclusiva, intel\u00b7ligent, innovadora i intercultural.<\/p>\n<p>La nova marca s&#8217;ha incorporat a la p\u00e0gina web d&#8217;Inclusi\u00f3 i al perfil de twitter (@AEmpordainclou), canals de comunicaci\u00f3 permanents del Pla d&#8217;Inclusi\u00f3 pensats per fer m\u00e9s propers a tots els p\u00fablics els projectes i les accions d&#8217;inclusi\u00f3 social que es despleguen a l&#8217;Alt Empord\u00e0.<\/p>\n","protected":false},"excerpt":{"rendered":"<p>El Pla d&#8217;Inclusi\u00f3 de l&#8217;Alt Empord\u00e0 renova la seva imatge per refor\u00e7ar els projectes i les accions d&#8217;inclusi\u00f3 social que es despleguen a la comarca de l&#8217;Alt Empord\u00e0.<\/p>\n","protected":false},"author":3,"featured_media":6373,"comment_status":"closed","ping_status":"closed","sticky":false,"template":"","format":"standard","meta":{"footnotes":""},"categories":[106,100,107,101,105,104,103,1,108,13,12,102,111,115,11],"tags":[],"class_list":["post-6346","post","type-post","status-publish","format-standard","has-post-thumbnail","hentry","category-administracions","category-area-benestar","category-centres-recerca-universitats","category-ciutadania","category-empreses","category-entitats-socials","category-estudiants-escoles-instituts","category-general","category-mitjans-comunicacio","category-observatori-inclusio-social-alt-emporda","category-pla-dinclusio-2","category-professionals-ambit-social","category-projectes-internacionals","category-projectes-transfronterers","category-taula-inclusio","category-106","category-100","category-107","category-101","category-105","category-104","category-103","category-1","category-108","category-13","category-12","category-102","category-111","category-115","category-11","description-off"],"_links":{"self":[{"href":"https:\/\/inclusioaltemporda.cat\/portal\/wp-json\/wp\/v2\/posts\/6346","targetHints":{"allow":["GET"]}}],"collection":[{"href":"https:\/\/inclusioaltemporda.cat\/portal\/wp-json\/wp\/v2\/posts"}],"about":[{"href":"https:\/\/inclusioaltemporda.cat\/portal\/wp-json\/wp\/v2\/types\/post"}],"author":[{"embeddable":true,"href":"https:\/\/inclusioaltemporda.cat\/portal\/wp-json\/wp\/v2\/users\/3"}],"replies":[{"embeddable":true,"href":"https:\/\/inclusioaltemporda.cat\/portal\/wp-json\/wp\/v2\/comments?post=6346"}],"version-history":[{"count":2,"href":"https:\/\/inclusioaltemporda.cat\/portal\/wp-json\/wp\/v2\/posts\/6346\/revisions"}],"predecessor-version":[{"id":6349,"href":"https:\/\/inclusioaltemporda.cat\/portal\/wp-json\/wp\/v2\/posts\/6346\/revisions\/6349"}],"wp:featuredmedia":[{"embeddable":true,"href":"https:\/\/inclusioaltemporda.cat\/portal\/wp-json\/wp\/v2\/media\/6373"}],"wp:attachment":[{"href":"https:\/\/inclusioaltemporda.cat\/portal\/wp-json\/wp\/v2\/media?parent=6346"}],"wp:term":[{"taxonomy":"category","embeddable":true,"href":"https:\/\/inclusioaltemporda.cat\/portal\/wp-json\/wp\/v2\/categories?post=6346"},{"taxonomy":"post_tag","embeddable":true,"href":"https:\/\/inclusioaltemporda.cat\/portal\/wp-json\/wp\/v2\/tags?post=6346"}],"curies":[{"name":"wp","href":"https:\/\/api.w.org\/{rel}","templated":true}]}}