{"id":6411,"date":"2017-07-10T09:51:26","date_gmt":"2017-07-10T08:51:26","guid":{"rendered":"https:\/\/inclusioaltemporda.cat\/portal\/?p=6411"},"modified":"2017-07-10T09:51:26","modified_gmt":"2017-07-10T08:51:26","slug":"lequip-dinclusio-visita-entitats-i-projectes-per-treballar-amb-joves-en-risc-a-toulouse","status":"publish","type":"post","link":"https:\/\/inclusioaltemporda.cat\/portal\/lequip-dinclusio-visita-entitats-i-projectes-per-treballar-amb-joves-en-risc-a-toulouse\/","title":{"rendered":"L&#8217;equip d&#8217;Inclusi\u00f3 visita entitats i projectes per treballar amb joves en risc a Toulouse"},"content":{"rendered":"<p>L&#8217;equip d&#8217;Inclusi\u00f3 participa en una visita a Toulouse per con\u00e8ixer entitats i projectes que treballen amb joves en risc d&#8217;exclusi\u00f3 social en el marc del projecte transfronterer Prospectsaso.<\/p>\n<p>Aquesta visita s&#8217;emmarca en una de les accions del projecte que lidera la Universitat de Girona per con\u00e8ixer la situaci\u00f3 dels joves en barris de forta immigraci\u00f3, els reptes i les formes d&#8217;intervenci\u00f3. En el decurs de la visita s&#8217;ha intercanviat informaci\u00f3 i coneixement amb l&#8217;associaci\u00f3 <em>Voir et Comprendre<\/em>; l&#8217;associaci\u00f3<em> AFEV<\/em>; l&#8217;associaci\u00f3<em> La Ben\u00e9volante<\/em>; la <em>Mission Jeunesse et Culture<\/em> de Empalot i la <em>Mission Local<\/em> de la Reynerie.<\/p>\n<p>L&#8217;equip d&#8217;Inclusi\u00f3 tamb\u00e9 ha mantingut reunions de treball a Toulouse amb un dels socis del projecte, CRFMS Erasme, per tal de treballar altres accions del projecte Prospectsaso en les quals participen els dos socis com ara la dinamitzaci\u00f3 de les xarxes professionals per millorar les intervencions en el territori transfronterer; la implicaci\u00f3 de persones en risc d&#8217;exclusi\u00f3 social en les formacions de treball social i els problemes traum\u00e0tics i ps\u00edquics dels refugiats demandants d&#8217;asil i persones migrades.<\/p>\n<p>L&#8217;\u00e0rea de Benestar del Consell Comarcal de l&#8217;Alt Empord\u00e0 forma part del partenariat del<a href=\"http:\/\/www.altemporda.org\/portal\/benestar-social\/projecte-transfronterer-prospectsaso\"> projecte PROSPECTSASO<\/a> \u2013 Prospectiva transfronterera sanit\u00e0ria i social, liderat per la Universitat de Perpiny\u00e0, que compta amb el 65% de finan\u00e7ament del Fons Europeu de Desenvolupament Regional (FEDER) a trav\u00e9s del programa Interreg V-A Espanya-Fran\u00e7a-Andorra (POCTEFA 2014-2020).<\/p>\n<p>El projecte PROSPECTSASO t\u00e9 com a finalitat refor\u00e7ar la professionalitzaci\u00f3 de l&#8217;\u00e0mbit social i sanitari en l&#8217;espai transfronterer franco-catal\u00e0 (zona est) i la seva extensi\u00f3 a les \u00e0rees de Barcelona i Toulouse a partir d&#8217;un treball en xarxa entre els diferents socis. Aquest projecte es va posar en marxa el mes de setembre de 2016 i estar\u00e0 actiu fins a finals de l&#8217;any 2019.<\/p>\n<p>La finalitat del projecte PROSPECTSASO \u00e9s millorar el coneixement sobre la realitat social i sanit\u00e0ria transfronterera i els efectes frontera en p\u00fablics m\u00e9s vulnerables (persones en situaci\u00f3 de risc d&#8217;exclusi\u00f3 social, infants en risc, persones en situaci\u00f3 de discriminaci\u00f3, persones grans o persones amb discapacitat, entre d&#8217;altres), per tal de respondre adequadament a les necessitats socials que presenta el nostre territori.<\/p>\n","protected":false},"excerpt":{"rendered":"<p>L&#8217;equip d&#8217;Inclusi\u00f3 participa en una estada a Toulouse per con\u00e8ixer entitats i projectes que treballen amb joves en risc d&#8217;exclusi\u00f3 social en el marc del projecte transfronterer Prospectsaso.<\/p>\n","protected":false},"author":3,"featured_media":6412,"comment_status":"closed","ping_status":"closed","sticky":false,"template":"","format":"standard","meta":{"footnotes":""},"categories":[106,100,107,101,105,104,103,1,108,102,111,115],"tags":[],"class_list":["post-6411","post","type-post","status-publish","format-standard","has-post-thumbnail","hentry","category-administracions","category-area-benestar","category-centres-recerca-universitats","category-ciutadania","category-empreses","category-entitats-socials","category-estudiants-escoles-instituts","category-general","category-mitjans-comunicacio","category-professionals-ambit-social","category-projectes-internacionals","category-projectes-transfronterers","category-106","category-100","category-107","category-101","category-105","category-104","category-103","category-1","category-108","category-102","category-111","category-115","description-off"],"_links":{"self":[{"href":"https:\/\/inclusioaltemporda.cat\/portal\/wp-json\/wp\/v2\/posts\/6411","targetHints":{"allow":["GET"]}}],"collection":[{"href":"https:\/\/inclusioaltemporda.cat\/portal\/wp-json\/wp\/v2\/posts"}],"about":[{"href":"https:\/\/inclusioaltemporda.cat\/portal\/wp-json\/wp\/v2\/types\/post"}],"author":[{"embeddable":true,"href":"https:\/\/inclusioaltemporda.cat\/portal\/wp-json\/wp\/v2\/users\/3"}],"replies":[{"embeddable":true,"href":"https:\/\/inclusioaltemporda.cat\/portal\/wp-json\/wp\/v2\/comments?post=6411"}],"version-history":[{"count":1,"href":"https:\/\/inclusioaltemporda.cat\/portal\/wp-json\/wp\/v2\/posts\/6411\/revisions"}],"predecessor-version":[{"id":6413,"href":"https:\/\/inclusioaltemporda.cat\/portal\/wp-json\/wp\/v2\/posts\/6411\/revisions\/6413"}],"wp:featuredmedia":[{"embeddable":true,"href":"https:\/\/inclusioaltemporda.cat\/portal\/wp-json\/wp\/v2\/media\/6412"}],"wp:attachment":[{"href":"https:\/\/inclusioaltemporda.cat\/portal\/wp-json\/wp\/v2\/media?parent=6411"}],"wp:term":[{"taxonomy":"category","embeddable":true,"href":"https:\/\/inclusioaltemporda.cat\/portal\/wp-json\/wp\/v2\/categories?post=6411"},{"taxonomy":"post_tag","embeddable":true,"href":"https:\/\/inclusioaltemporda.cat\/portal\/wp-json\/wp\/v2\/tags?post=6411"}],"curies":[{"name":"wp","href":"https:\/\/api.w.org\/{rel}","templated":true}]}}