{"id":6415,"date":"2017-07-14T13:04:36","date_gmt":"2017-07-14T12:04:36","guid":{"rendered":"https:\/\/inclusioaltemporda.cat\/portal\/?p=6415"},"modified":"2017-07-14T13:08:35","modified_gmt":"2017-07-14T12:08:35","slug":"el-president-la-directora-tecnica-de-benestar-del-consell-comarcal-participen-al-debat-salut-i-benestar-social-a-lalt-emporda","status":"publish","type":"post","link":"https:\/\/inclusioaltemporda.cat\/portal\/el-president-la-directora-tecnica-de-benestar-del-consell-comarcal-participen-al-debat-salut-i-benestar-social-a-lalt-emporda\/","title":{"rendered":"El President la Directora t\u00e8cnica de Benestar del Consell Comarcal participen en el Debat Salut i Benestar social a l&#8217;Alt Empord\u00e0"},"content":{"rendered":"<p>La Fundaci\u00f3 Salut Empord\u00e0 va organitzar ahir el primer Debat Salut i Benestar a l&#8217;Alt Empord\u00e0, desigualtats i salut: estudi, reflexions i propostes, que va comptar amb la participaci\u00f3 d\u2019un centenar de persones vinculades a l\u2019\u00e0mbit sociosanitari de la comarca. L&#8217;acte, que va comptar amb la participaci\u00f3 de representatnts del Consell Comarcal de l\u2019Alt Empord\u00e0, va centrar la seva atenci\u00f3 en els reptes i les noves fites dels serveis socials i sanitaris al territori<\/p>\n<p>En el decurs de la jornada es van presentar els principals resultats de l\u2019estudi \u201cAn\u00e0lisi sociodemogr\u00e0fic, de morbiditat i de fluxos de pacientsa l\u2019Alt Empord\u00e0 des dels enfocaments socioecon\u00f2mic,de morbiditat (malaltia i poblaci\u00f3) i d\u2019indicadors sint\u00e8tics de la necessitat social i determinants de salut\u201d, dirigit per Pere Plaja, director de Recerca, Investigaci\u00f3 i Desenvolupament de la Fundaci\u00f3 Salut Empord\u00e0. Aquesta i altres recerques recents, com l\u2019informe \u201cDesigualtats socioecon\u00f2miques en la salut i la utilitzaci\u00f3 dels serveis sanitaris p\u00fablics en la poblaci\u00f3 de Catalunya\u201d de l\u2019AQuAS, evidencien que les desigualtats socials s\u00f3n un dels principals determinants de les difer\u00e8ncies en salut de la poblaci\u00f3 i que \u00e9s necessari atendre els pacients m\u00e9s enll\u00e0 de la malaltia, tenint en compte totes les seves dimensions biopsicosocials; f\u00edsiques, psicol\u00f2giques i d\u2019entorn.<\/p>\n<p>En el marc de la segona taula rodona del Debat, la Directora t\u00e8cnica de Benestar del Consell Comarcal va plantejar els principals reptes que presenta l\u2019atenci\u00f3 integrada (sociosanitaria) a la comarca partint de la necessitat de millora l\u2019atenci\u00f3 cap la ciutadania per part dels sistemes sanitari i dels serveis socials.<\/p>\n","protected":false},"excerpt":{"rendered":"<p>L&#8217;acte organitzat per la Fundaci\u00f3 Salut Empord\u00e0 va comptar amb la participaci\u00f3 d\u2019un centenar de persones vinculades a l\u2019\u00e0mbit sociosanitari de la comarca<\/p>\n","protected":false},"author":2,"featured_media":6416,"comment_status":"closed","ping_status":"closed","sticky":false,"template":"","format":"standard","meta":{"footnotes":""},"categories":[106,100,107,101,104,1,102],"tags":[],"class_list":["post-6415","post","type-post","status-publish","format-standard","has-post-thumbnail","hentry","category-administracions","category-area-benestar","category-centres-recerca-universitats","category-ciutadania","category-entitats-socials","category-general","category-professionals-ambit-social","category-106","category-100","category-107","category-101","category-104","category-1","category-102","description-off"],"_links":{"self":[{"href":"https:\/\/inclusioaltemporda.cat\/portal\/wp-json\/wp\/v2\/posts\/6415","targetHints":{"allow":["GET"]}}],"collection":[{"href":"https:\/\/inclusioaltemporda.cat\/portal\/wp-json\/wp\/v2\/posts"}],"about":[{"href":"https:\/\/inclusioaltemporda.cat\/portal\/wp-json\/wp\/v2\/types\/post"}],"author":[{"embeddable":true,"href":"https:\/\/inclusioaltemporda.cat\/portal\/wp-json\/wp\/v2\/users\/2"}],"replies":[{"embeddable":true,"href":"https:\/\/inclusioaltemporda.cat\/portal\/wp-json\/wp\/v2\/comments?post=6415"}],"version-history":[{"count":5,"href":"https:\/\/inclusioaltemporda.cat\/portal\/wp-json\/wp\/v2\/posts\/6415\/revisions"}],"predecessor-version":[{"id":6421,"href":"https:\/\/inclusioaltemporda.cat\/portal\/wp-json\/wp\/v2\/posts\/6415\/revisions\/6421"}],"wp:featuredmedia":[{"embeddable":true,"href":"https:\/\/inclusioaltemporda.cat\/portal\/wp-json\/wp\/v2\/media\/6416"}],"wp:attachment":[{"href":"https:\/\/inclusioaltemporda.cat\/portal\/wp-json\/wp\/v2\/media?parent=6415"}],"wp:term":[{"taxonomy":"category","embeddable":true,"href":"https:\/\/inclusioaltemporda.cat\/portal\/wp-json\/wp\/v2\/categories?post=6415"},{"taxonomy":"post_tag","embeddable":true,"href":"https:\/\/inclusioaltemporda.cat\/portal\/wp-json\/wp\/v2\/tags?post=6415"}],"curies":[{"name":"wp","href":"https:\/\/api.w.org\/{rel}","templated":true}]}}