{"id":6422,"date":"2017-07-18T08:18:16","date_gmt":"2017-07-18T07:18:16","guid":{"rendered":"https:\/\/inclusioaltemporda.cat\/portal\/?p=6422"},"modified":"2017-07-18T08:51:31","modified_gmt":"2017-07-18T07:51:31","slug":"larea-de-benestar-del-consell-comarcal-participa-al-i-congres-de-laccio-social","status":"publish","type":"post","link":"https:\/\/inclusioaltemporda.cat\/portal\/larea-de-benestar-del-consell-comarcal-participa-al-i-congres-de-laccio-social\/","title":{"rendered":"L&#8217;\u00e0rea de Benestar del Consell Comarcal participa al I Congr\u00e9s de l&#8217;Acci\u00f3 Social"},"content":{"rendered":"<p>Els dies 6 i 7 de juliol ha tingut lloc a Vic el<a href=\"http:\/\/inclusio.cat\/\" target=\"_blank\" rel=\"noopener\"> I Congr\u00e9s de l&#8217;Acci\u00f3 Social de Catalunya<\/a>, que en aquesta primera edici\u00f3 ha aprofundit sobre l\u2019atenci\u00f3 integral social i sanit\u00e0ria des de la perspectiva social, una punt estrat\u00e8gic davant l\u2019actual envelliment de la poblaci\u00f3 i les perspectives de futur.<\/p>\n<p>El Congr\u00e9s, organitzat pel <a href=\"http:\/\/treballiaferssocials.gencat.cat\/ca\/inici\/index.html\" target=\"_blank\" rel=\"noopener\">Departament de Treball, Afers Socials i Fam\u00edlies<\/a>, i la <a href=\"https:\/\/www.uvic.cat\/catedra-serveis-socials\" target=\"_blank\" rel=\"noopener\">C\u00e0tedra de Serveis socials de la Universitat de Vic<\/a>, ha reun\u00eft 450 persones amb els objectius de potenciar la innovaci\u00f3, el coneixement a partir de l&#8217;evid\u00e8ncia cient\u00edfica i la professionalitzaci\u00f3 del sector dels serveis socials. El Congr\u00e9s ha focalitzat la mirada en quatre eixos: l\u2019atenci\u00f3 centrada en les persones; els nous reptes per als professionals de serveis socials; els partenariats territorials per a la provisi\u00f3 de serveis socials i de salut integrats i la transformaci\u00f3 del sistema de serveis socials per a l\u2019atenci\u00f3 integrada.<\/p>\n<p>Diversos equips de l&#8217;\u00e0rea de Benestar del Consell Comarcal de l&#8217;Alt Empord\u00e0 han participat en els espais de treball proposats al llarg del Congr\u00e9s presentant 3 comunicacions orals d&#8217;experi\u00e8ncies pr\u00e0ctiques de treball que es duen a terme a la comarca en l&#8217;\u00e0mbit de l&#8217;atenci\u00f3 integrada sociosanit\u00e0ria. Concretament les comunicacions presentades han estat:<\/p>\n<ul>\n<li>&#8220;L&#8217;experi\u00e8ncia gironina en el marc del Protocol per a l&#8217;actuaci\u00f3 contra els maltractaments a la gent gran&#8221;, a c\u00e0rrec Rosa Guix\u00e8, directora t\u00e8cnica de Benestar del Consell Comarcal.<\/li>\n<li>&#8220;La xarxa de grups de suport Cuidem-nos a l&#8217;Alt Empord\u00e0: una experi\u00e8ncia de treball comunitari, integral i de proximitat&#8221;, a c\u00e0rrec de Gl\u00f2ria Pla, psic\u00f2loga de l&#8217;Equip d&#8217;atenci\u00f3 a la depend\u00e8ncia.<\/li>\n<li>&#8220;Experi\u00e8ncia de treball coordinat entre els serveis socials b\u00e0sics i el serveis de salut de Figueres i comarca de l&#8217;Alt Empord\u00e0&#8221; a c\u00e0rrec de Carme Ortega, Coordinadora dels Serveis socials b\u00e0sics del Consell Comarcal, i Bibiana P\u00e9rez de l&#8217;Ajuntament de Figueres<\/li>\n<\/ul>\n","protected":false},"excerpt":{"rendered":"<p>Professionals de diferents equips de l&#8217;\u00e0rea han presentat 3 comunicacions orals en el marc del I Congr\u00e9s de l&#8217;Acci\u00f3 Social<\/p>\n","protected":false},"author":2,"featured_media":6423,"comment_status":"closed","ping_status":"closed","sticky":false,"template":"","format":"standard","meta":{"footnotes":""},"categories":[106,100,107,1,108,102],"tags":[],"class_list":["post-6422","post","type-post","status-publish","format-standard","has-post-thumbnail","hentry","category-administracions","category-area-benestar","category-centres-recerca-universitats","category-general","category-mitjans-comunicacio","category-professionals-ambit-social","category-106","category-100","category-107","category-1","category-108","category-102","description-off"],"_links":{"self":[{"href":"https:\/\/inclusioaltemporda.cat\/portal\/wp-json\/wp\/v2\/posts\/6422","targetHints":{"allow":["GET"]}}],"collection":[{"href":"https:\/\/inclusioaltemporda.cat\/portal\/wp-json\/wp\/v2\/posts"}],"about":[{"href":"https:\/\/inclusioaltemporda.cat\/portal\/wp-json\/wp\/v2\/types\/post"}],"author":[{"embeddable":true,"href":"https:\/\/inclusioaltemporda.cat\/portal\/wp-json\/wp\/v2\/users\/2"}],"replies":[{"embeddable":true,"href":"https:\/\/inclusioaltemporda.cat\/portal\/wp-json\/wp\/v2\/comments?post=6422"}],"version-history":[{"count":6,"href":"https:\/\/inclusioaltemporda.cat\/portal\/wp-json\/wp\/v2\/posts\/6422\/revisions"}],"predecessor-version":[{"id":6429,"href":"https:\/\/inclusioaltemporda.cat\/portal\/wp-json\/wp\/v2\/posts\/6422\/revisions\/6429"}],"wp:featuredmedia":[{"embeddable":true,"href":"https:\/\/inclusioaltemporda.cat\/portal\/wp-json\/wp\/v2\/media\/6423"}],"wp:attachment":[{"href":"https:\/\/inclusioaltemporda.cat\/portal\/wp-json\/wp\/v2\/media?parent=6422"}],"wp:term":[{"taxonomy":"category","embeddable":true,"href":"https:\/\/inclusioaltemporda.cat\/portal\/wp-json\/wp\/v2\/categories?post=6422"},{"taxonomy":"post_tag","embeddable":true,"href":"https:\/\/inclusioaltemporda.cat\/portal\/wp-json\/wp\/v2\/tags?post=6422"}],"curies":[{"name":"wp","href":"https:\/\/api.w.org\/{rel}","templated":true}]}}