{"id":6430,"date":"2017-07-21T07:00:22","date_gmt":"2017-07-21T06:00:22","guid":{"rendered":"https:\/\/inclusioaltemporda.cat\/portal\/?p=6430"},"modified":"2017-07-21T07:19:25","modified_gmt":"2017-07-21T06:19:25","slug":"la-taula-dinclusio-es-reuneix-per-preparar-la-jornada-de-formacio-per-a-equips-i-voluntariat","status":"publish","type":"post","link":"https:\/\/inclusioaltemporda.cat\/portal\/la-taula-dinclusio-es-reuneix-per-preparar-la-jornada-de-formacio-per-a-equips-i-voluntariat\/","title":{"rendered":"La Taula d&#8217;Inclusi\u00f3 es reuneix per preparar la Jornada de formaci\u00f3 per a equips i voluntariat"},"content":{"rendered":"<p>La <a href=\"https:\/\/inclusioaltemporda.cat\/portal\/taula-dinclusio\/\">Taula Inclusi\u00f3 Alt Empord\u00e0<\/a>, que aglutina una vintena d&#8217;entitats socials de la comarca, es va reunir la setmana passada amb l&#8217;objectiu de compartir i avan\u00e7ar en la definici\u00f3 de les accions que dur\u00e0 a terme properament.<\/p>\n<p>Una de les activitats que est\u00e0 preparant la Taula per a l&#8217;inici de curs \u00e9s la Jornada de formaci\u00f3 anual per a equips i voluntariat, que enguany celebrar\u00e0 la seva quarta edici\u00f3. En la reuni\u00f3 celebrada la setmana passada les entitats participants van treballar la proposta de continguts de formaci\u00f3, que en aquesta edici\u00f3 girar\u00e0 entorn la incorporaci\u00f3 de la perspectiva de g\u00e8nere en la gesti\u00f3 de les entitats i els equips de voluntariat. La Jornada de formaci\u00f3 est\u00e0 prevista pel dissabte 21 d&#8217;octubre a Castell\u00f3 d&#8217;Emp\u00faries.<\/p>\n<p>Per altra banda, la sessi\u00f3 de treball tamb\u00e9 va servir per avan\u00e7ar en la definici\u00f3 dels objectius estrat\u00e8gics del nou Pla d&#8217;Inclusi\u00f3 de l&#8217;Alt Empord\u00e0. L&#8217;Equip t\u00e8cnic d&#8217;Inclusi\u00f3 social del Consell Comarcal est\u00e0 treballant en l&#8217;elaboraci\u00f3 del nou Pla en els diferents espais de treball en xarxa amb els agents i ajuntaments participants en el desplegament del Pla d&#8217;Inclusi\u00f3 vigent, amb l&#8217;objectiu d&#8217;aprovar el nou abans de finalitzar aquest any. El Pla\u00a0 per a la Inclusi\u00f3 i la Cohesi\u00f3 Social de l\u2019Alt Empord\u00e0\u00a0 \u00e9s una eina de treball estrat\u00e8gica del Consell Comarcal que estableix les prioritats i les accions que cal dur a terme a la comarca per millorar les condicions de vida de les persones i refor\u00e7ar la cohesi\u00f3 social.<\/p>\n<p>La Taula per a la Inclusi\u00f3 i la Cohesi\u00f3 Social de l\u2019Alt Empord\u00e0 \u00e9s un espai de treball que agrupa entitats de l\u2019\u00e0mbit social de la comarca i el Consell Comarcal, desenvolupant funcions d\u2019assessorament, consulta, proposta i participaci\u00f3 de les entitats socials de la comarca en el Pla per a la Inclusi\u00f3 i la Cohesi\u00f3 social de l&#8217;Alt Empord\u00e0.<\/p>\n","protected":false},"excerpt":{"rendered":"<p>La Taula Inclusi\u00f3 Alt Empord\u00e0, que aglutina una vintena d&#8217;entitats socials de la comarca, es va reunir la setmana passada amb l&#8217;objectiu de compartir i avan\u00e7ar en la definici\u00f3 de les accions que dur\u00e0 a terme properament.<\/p>\n","protected":false},"author":2,"featured_media":4558,"comment_status":"closed","ping_status":"closed","sticky":false,"template":"","format":"standard","meta":{"footnotes":""},"categories":[106,100,104,1,108,12,11],"tags":[],"class_list":["post-6430","post","type-post","status-publish","format-standard","has-post-thumbnail","hentry","category-administracions","category-area-benestar","category-entitats-socials","category-general","category-mitjans-comunicacio","category-pla-dinclusio-2","category-taula-inclusio","category-106","category-100","category-104","category-1","category-108","category-12","category-11","description-off"],"_links":{"self":[{"href":"https:\/\/inclusioaltemporda.cat\/portal\/wp-json\/wp\/v2\/posts\/6430","targetHints":{"allow":["GET"]}}],"collection":[{"href":"https:\/\/inclusioaltemporda.cat\/portal\/wp-json\/wp\/v2\/posts"}],"about":[{"href":"https:\/\/inclusioaltemporda.cat\/portal\/wp-json\/wp\/v2\/types\/post"}],"author":[{"embeddable":true,"href":"https:\/\/inclusioaltemporda.cat\/portal\/wp-json\/wp\/v2\/users\/2"}],"replies":[{"embeddable":true,"href":"https:\/\/inclusioaltemporda.cat\/portal\/wp-json\/wp\/v2\/comments?post=6430"}],"version-history":[{"count":1,"href":"https:\/\/inclusioaltemporda.cat\/portal\/wp-json\/wp\/v2\/posts\/6430\/revisions"}],"predecessor-version":[{"id":6431,"href":"https:\/\/inclusioaltemporda.cat\/portal\/wp-json\/wp\/v2\/posts\/6430\/revisions\/6431"}],"wp:featuredmedia":[{"embeddable":true,"href":"https:\/\/inclusioaltemporda.cat\/portal\/wp-json\/wp\/v2\/media\/4558"}],"wp:attachment":[{"href":"https:\/\/inclusioaltemporda.cat\/portal\/wp-json\/wp\/v2\/media?parent=6430"}],"wp:term":[{"taxonomy":"category","embeddable":true,"href":"https:\/\/inclusioaltemporda.cat\/portal\/wp-json\/wp\/v2\/categories?post=6430"},{"taxonomy":"post_tag","embeddable":true,"href":"https:\/\/inclusioaltemporda.cat\/portal\/wp-json\/wp\/v2\/tags?post=6430"}],"curies":[{"name":"wp","href":"https:\/\/api.w.org\/{rel}","templated":true}]}}