{"id":6435,"date":"2017-08-02T10:22:56","date_gmt":"2017-08-02T09:22:56","guid":{"rendered":"https:\/\/inclusioaltemporda.cat\/portal\/?p=6435"},"modified":"2017-08-02T10:31:13","modified_gmt":"2017-08-02T09:31:13","slug":"un-codi-de-recomanacions-vetllara-per-la-presencia-normalitzada-i-no-estereotipada-de-les-persones-lgbti-als-mitjans","status":"publish","type":"post","link":"https:\/\/inclusioaltemporda.cat\/portal\/un-codi-de-recomanacions-vetllara-per-la-presencia-normalitzada-i-no-estereotipada-de-les-persones-lgbti-als-mitjans\/","title":{"rendered":"Un codi de recomanacions vetllar\u00e0 per la pres\u00e8ncia normalitzada i no estereotipada de les persones LGBTI als mitjans"},"content":{"rendered":"<div class=\"FW_sArticleFoto\">\n<div class=\"FW_sEditPro\">\n<p>El Consell de l\u2019Audiovisual de Catalunya (CAC), el Departament de Treball, Afers Socials i Fam\u00edlies i el Col\u00b7legi de Periodistes han presentat recentment les recomanacions sobre el tractament de les persones lesbianes, gais, bisexuals, transg\u00e8neres i intersexuals (LGBTI) als mitjans audiovisuals.<\/p>\n<p>El codi suposa una nova eina de treball per als professionals dels mitjans de comunicaci\u00f3, com tamb\u00e9 per a les productores audiovisuals i de l\u2019\u00e0mbit de la publicitat. En aquest sentit, el document formula 19 recomanacions que fan refer\u00e8ncia al llenguatge, als recursos visuals, a la informaci\u00f3, i a la ficci\u00f3, l\u2019entreteniment i la publicitat, per tal de fomentar la visibilitat de les persones LGBTI mitjan\u00e7ant una pres\u00e8ncia normalitzada i no estereotipada.<\/p>\n<p>El document tamb\u00e9 recull un glossari que intenta aclarir els conceptes principals relacionats amb la construcci\u00f3 social del g\u00e8nere, una s\u00e8rie d&#8217;expressions a evitar al costat de les expressions inclusives corresponents i un apartat de recursos amb entitats i associacions de persones LGTBI.<\/p>\n<p>La redacci\u00f3 de la guia dona resposta a l\u2019article 15 de la Llei 11\/2014, per a garantir els drets LGBTI i per erradicar l\u2019LGBTIf\u00f2bia, que estableix que el CAC ha de vetllar perqu\u00e8 els mitjans de comunicaci\u00f3 no vulnerin els principis d\u2019aquesta llei, en el sentit que tractin amb normalitat la diversitat afectivo sexual, la diversitat familiar, i la identitat i l\u2019expressi\u00f3 de g\u00e8nere, mostrant referents positius, i, finalment, establir recomanacions sobre els usos ling\u00fc\u00edstics i el tractament i l\u2019\u00fas de les imatges amb relaci\u00f3 a l\u2019homosexualitat, la bisexualitat, la transidentitat i la intersexualitat.<\/p>\n<\/div>\n<p>Podeu consultar el document en el seg\u00fcent enlla\u00e7: <a href=\"http:\/\/premsa.gencat.cat\/pres_fsvp\/docs\/2017\/07\/20\/13\/21\/93d68377-d65f-4c2d-9777-737364250d5a.pdf\" target=\"_blank\" rel=\"noopener\">&#8220;Recomanacions sobre el tractament de les persones lesbianes, gais, bisexuals, transg\u00e8neres i intersexuals (LGBTI) als mitjans audiovisuals&#8221;<\/a><\/p>\n<\/div>\n","protected":false},"excerpt":{"rendered":"<p>El CAC, el Departament de Treball, Afers Socials i Fam\u00edlies i el Col\u00b7legi de Periodistes han presentat aquesta nova eina de treball adre\u00e7ada als professionals de la comunicaci\u00f3.<\/p>\n","protected":false},"author":2,"featured_media":6437,"comment_status":"closed","ping_status":"closed","sticky":false,"template":"","format":"standard","meta":{"footnotes":""},"categories":[106,100,101,104,1,108,12,102],"tags":[],"class_list":["post-6435","post","type-post","status-publish","format-standard","has-post-thumbnail","hentry","category-administracions","category-area-benestar","category-ciutadania","category-entitats-socials","category-general","category-mitjans-comunicacio","category-pla-dinclusio-2","category-professionals-ambit-social","category-106","category-100","category-101","category-104","category-1","category-108","category-12","category-102","description-off"],"_links":{"self":[{"href":"https:\/\/inclusioaltemporda.cat\/portal\/wp-json\/wp\/v2\/posts\/6435","targetHints":{"allow":["GET"]}}],"collection":[{"href":"https:\/\/inclusioaltemporda.cat\/portal\/wp-json\/wp\/v2\/posts"}],"about":[{"href":"https:\/\/inclusioaltemporda.cat\/portal\/wp-json\/wp\/v2\/types\/post"}],"author":[{"embeddable":true,"href":"https:\/\/inclusioaltemporda.cat\/portal\/wp-json\/wp\/v2\/users\/2"}],"replies":[{"embeddable":true,"href":"https:\/\/inclusioaltemporda.cat\/portal\/wp-json\/wp\/v2\/comments?post=6435"}],"version-history":[{"count":1,"href":"https:\/\/inclusioaltemporda.cat\/portal\/wp-json\/wp\/v2\/posts\/6435\/revisions"}],"predecessor-version":[{"id":6436,"href":"https:\/\/inclusioaltemporda.cat\/portal\/wp-json\/wp\/v2\/posts\/6435\/revisions\/6436"}],"wp:featuredmedia":[{"embeddable":true,"href":"https:\/\/inclusioaltemporda.cat\/portal\/wp-json\/wp\/v2\/media\/6437"}],"wp:attachment":[{"href":"https:\/\/inclusioaltemporda.cat\/portal\/wp-json\/wp\/v2\/media?parent=6435"}],"wp:term":[{"taxonomy":"category","embeddable":true,"href":"https:\/\/inclusioaltemporda.cat\/portal\/wp-json\/wp\/v2\/categories?post=6435"},{"taxonomy":"post_tag","embeddable":true,"href":"https:\/\/inclusioaltemporda.cat\/portal\/wp-json\/wp\/v2\/tags?post=6435"}],"curies":[{"name":"wp","href":"https:\/\/api.w.org\/{rel}","templated":true}]}}