{"id":6447,"date":"2017-09-14T12:32:33","date_gmt":"2017-09-14T11:32:33","guid":{"rendered":"https:\/\/inclusioaltemporda.cat\/portal\/?p=6447"},"modified":"2017-09-14T13:07:40","modified_gmt":"2017-09-14T12:07:40","slug":"signatura-del-protocol-per-impulsar-latencio-social-i-sanitaria-integrada-a-lalt-emporda","status":"publish","type":"post","link":"https:\/\/inclusioaltemporda.cat\/portal\/signatura-del-protocol-per-impulsar-latencio-social-i-sanitaria-integrada-a-lalt-emporda\/","title":{"rendered":"Signatura del protocol per impulsar l&#8217;atenci\u00f3 social i sanit\u00e0ria integrada a l&#8217;Alt Empord\u00e0"},"content":{"rendered":"<p>Aquest dijous al mat\u00ed s\u2019ha celebrat, a la sala de plens del Consell Comarcal, l&#8217;acte de signatura del protocol per a l\u2019impuls del model d\u2019atenci\u00f3 social i sanit\u00e0ria integrada a l\u2019Alt Empord\u00e0. Aquest acord s\u2019inclou en el Pla Interdepartamental d\u2019Atenci\u00f3 i Interacci\u00f3 Social i Sanit\u00e0ria (PIAISS) de Catalunya que t\u00e9 com a objectiu promoure l\u2019acci\u00f3 conjunta dels agents de salut i serveis socials en un territori concret.<\/p>\n<p>A l\u2019acte de signatura hi ha assistit el president del Consell Comarcal de l\u2019Alt Empord\u00e0, Ferran Roquer, i l\u2019alcaldessa de Figueres, Marta Felip, juntament amb la coordinadora de les Pol\u00edtiques P\u00fabliques per a l\u2019Estat del Benestar, Maria Dolors Rusin\u00e9s, que est\u00e0 adscrita al departament de Presid\u00e8ncia de la Generalitat, la directora dels serveis territorials de Treball, Afers Socials i Fam\u00edlies, Marta Casacuberta, i el director dels serveis territorials de Salut a Girona, Miquel Carreras.<\/p>\n<p>Abans de la signatura del protocol, Maria Dolors Rusin\u00e9s ha explicat l\u2019estat actual del desenvolupament i implementaci\u00f3 del PIAISS a Catalunya i la directora t\u00e8cnica de l\u2019\u00c0rea de Benestar del Consell Comarcal, Rosa Guix\u00e9, ha estat l\u2019encarregada de donar a con\u00e8ixer les caracter\u00edstiques concretes del protocol a l\u2019Alt Empord\u00e0.<\/p>\n<p>ACCIONS DE TREBALL PR\u00c8VIES<\/p>\n<p>Fa dos anys, davant aquesta necessitat de coordinaci\u00f3 entre els serveis de salut i socials del territori, es va posar en funcionament una taula t\u00e8cnica formada per les entitats sanit\u00e0ries i socials que operen a la comarca: Servei Catal\u00e0 de la Salut, Institut Catal\u00e0 de la Salut, Fundaci\u00f3 Salut Empord\u00e0, Albera Salut, Institut d&#8217;Assist\u00e8ncia Sanit\u00e0ria, Departament de Treball, Afers Socials i Fam\u00edlies, Consell Comarcal de l\u2019Alt Empord\u00e0 i l&#8217;Ajuntament de Figueres.<\/p>\n<p>Aquesta taula t\u00e8cnica va elaborar un estudi per determinar els camps de treball prioritaris per actuar. En aquest sentit l&#8217;\u00c0rea de Benestar del Consell Comarcal de l&#8217;Alt Empord\u00e0 ja ha iniciat una reorganitzaci\u00f3 dels sectors dels Equips B\u00e0sics d&#8217;Atenci\u00f3 Social amb l&#8217;objectiu que coincideixin amb la zonificaci\u00f3 de les \u00c0rees B\u00e0siques de Salut i s\u2019ha dissenyat una primera eina comuna que permet treballar la continu\u00eftat assistencial de les persones en fragilitat social i de salut de la comarca.<\/p>\n<p>\u00c0REES DE TREBALL PRIORIT\u00c0RIES<\/p>\n<p>L\u2019aplicaci\u00f3 del protocol de col\u00b7laboraci\u00f3 institucional es concreta amb la prioritzaci\u00f3 de les \u00e0rees de treball seg\u00fcents:<\/p>\n<p>Atenci\u00f3 Domicili\u00e0ria. Amb l\u2019objectiu de posar en funcionament una atenci\u00f3 integrada i coordinada de tots els serveis que poden desplegar-se a domicili prestats pels dos sistemes, social i sanitari, i garantir la millor atenci\u00f3 en el propi entorn de la persona i optimitzar els recursos.<\/p>\n<p>Accions a desenvolupar: creaci\u00f3 de la comissi\u00f3 de treball d&#8217;atenci\u00f3 domicili\u00e0ria (identificar professionals que participaran); identificar la poblaci\u00f3 diana; identificar la cartera de serveis d&#8217;atenci\u00f3 a domicili de l&#8217;\u00e0mbit social i de salut a la comarca; definici\u00f3 del model d&#8217;atenci\u00f3 domicili\u00e0ria compartit (processos, procediments i protocols d&#8217;acc\u00e9s i alta per garantir la continu\u00eftat de l&#8217;atenci\u00f3, articulaci\u00f3 de la gesti\u00f3 del cas); optimitzar, racionalitzar i coordinar els serveis d&#8217;atenci\u00f3 a domicili (ajudes t\u00e8cniques, servei de teleassist\u00e8ncia, rehabilitaci\u00f3 domicili\u00e0ria, accessibilitat, etc.).<\/p>\n<p>Salut mental i addiccions. Avan\u00e7ar en l&#8217;atenci\u00f3 integrada a les persones que pateixen trastorns mentals cr\u00f2nics i complexos per tal de desenvolupar un nou model d&#8217;atenci\u00f3 compartit a la comarca.<\/p>\n<p>Accions a desenvolupar: creaci\u00f3 de la comissi\u00f3 de treball de salut mental (identificar professionals que participaran); identificar les zones i poblaci\u00f3 per iniciar el pla pilot d&#8217;intervenci\u00f3; i identificar la poblaci\u00f3 diana; definir el model col\u00b7laboratiu d&#8217;atenci\u00f3 per a persones amb malaltia mental cr\u00f2nica i\/o complexa amb m\u00faltiples necessitats de salut i socials per tal de fer un abordatge integrador de l&#8217;atenci\u00f3 m\u00e8dica, psiqui\u00e0trica i social.<\/p>\n<p>Prevenci\u00f3 i intervenci\u00f3 en els maltractaments contra les persones grans. Crear un marc de refer\u00e8ncia a la comarca que possibiliti la coordinaci\u00f3 entre els diferents serveis i professionals tant en l&#8217;\u00e0mbit de la prevenci\u00f3 com de la d&#8217;intervenci\u00f3 i millorar el seu abordatge.<\/p>\n<p>En aquest sentit tamb\u00e9 es crear\u00e0 una comissi\u00f3 de treball (identificar professionals i serveis que hi participaran; generar un espai de treball en xarxa; definici\u00f3 i disseny dels circu\u00efts d&#8217;intervenci\u00f3 comarca i realitzaci\u00f3 accions de prevenci\u00f3 i sensibilitzaci\u00f3.<\/p>\n","protected":false},"excerpt":{"rendered":"<p>Aquest acord s\u2019inclou en el Pla Interdepartamental d\u2019Atenci\u00f3 i Interacci\u00f3 Social i Sanit\u00e0ria (PIAISS) de Catalunya que t\u00e9 com a objectiu promoure l\u2019acci\u00f3 conjunta dels agents de salut i serveis socials en un territori concret<\/p>\n","protected":false},"author":2,"featured_media":6448,"comment_status":"closed","ping_status":"closed","sticky":false,"template":"","format":"standard","meta":{"footnotes":""},"categories":[106,100,101,104,1,108,102],"tags":[],"class_list":["post-6447","post","type-post","status-publish","format-standard","has-post-thumbnail","hentry","category-administracions","category-area-benestar","category-ciutadania","category-entitats-socials","category-general","category-mitjans-comunicacio","category-professionals-ambit-social","category-106","category-100","category-101","category-104","category-1","category-108","category-102","description-off"],"_links":{"self":[{"href":"https:\/\/inclusioaltemporda.cat\/portal\/wp-json\/wp\/v2\/posts\/6447","targetHints":{"allow":["GET"]}}],"collection":[{"href":"https:\/\/inclusioaltemporda.cat\/portal\/wp-json\/wp\/v2\/posts"}],"about":[{"href":"https:\/\/inclusioaltemporda.cat\/portal\/wp-json\/wp\/v2\/types\/post"}],"author":[{"embeddable":true,"href":"https:\/\/inclusioaltemporda.cat\/portal\/wp-json\/wp\/v2\/users\/2"}],"replies":[{"embeddable":true,"href":"https:\/\/inclusioaltemporda.cat\/portal\/wp-json\/wp\/v2\/comments?post=6447"}],"version-history":[{"count":1,"href":"https:\/\/inclusioaltemporda.cat\/portal\/wp-json\/wp\/v2\/posts\/6447\/revisions"}],"predecessor-version":[{"id":6449,"href":"https:\/\/inclusioaltemporda.cat\/portal\/wp-json\/wp\/v2\/posts\/6447\/revisions\/6449"}],"wp:featuredmedia":[{"embeddable":true,"href":"https:\/\/inclusioaltemporda.cat\/portal\/wp-json\/wp\/v2\/media\/6448"}],"wp:attachment":[{"href":"https:\/\/inclusioaltemporda.cat\/portal\/wp-json\/wp\/v2\/media?parent=6447"}],"wp:term":[{"taxonomy":"category","embeddable":true,"href":"https:\/\/inclusioaltemporda.cat\/portal\/wp-json\/wp\/v2\/categories?post=6447"},{"taxonomy":"post_tag","embeddable":true,"href":"https:\/\/inclusioaltemporda.cat\/portal\/wp-json\/wp\/v2\/tags?post=6447"}],"curies":[{"name":"wp","href":"https:\/\/api.w.org\/{rel}","templated":true}]}}