{"id":6450,"date":"2017-09-18T12:06:31","date_gmt":"2017-09-18T11:06:31","guid":{"rendered":"https:\/\/inclusioaltemporda.cat\/portal\/?p=6450"},"modified":"2017-09-18T12:24:01","modified_gmt":"2017-09-18T11:24:01","slug":"convocatoria-de-proves-selectives-per-a-dues-places-de-tecnicsques-per-al-programa-de-millora-social-del-pla-de-barris-del-nucli-antic-de-lescala","status":"publish","type":"post","link":"https:\/\/inclusioaltemporda.cat\/portal\/convocatoria-de-proves-selectives-per-a-dues-places-de-tecnicsques-per-al-programa-de-millora-social-del-pla-de-barris-del-nucli-antic-de-lescala\/","title":{"rendered":"Convocat\u00f2ria de proves selectives per al programa de millora social del Pla de Barris del nucli antic de L&#8217;Escala"},"content":{"rendered":"<p lang=\"ca-ES\" align=\"justify\">Oberta la convocat\u00f2ria de proves selectives per a dues places de t\u00e8cnics\/ques en el marc del programa per a la millora social del Pla de Barris del nucli antic de l&#8217;Escala entre el Consell Comarcal de l&#8217;Alt Empord\u00e0 i l&#8217;Ajuntament de l&#8217;Escala.<\/p>\n<p lang=\"ca-ES\" align=\"justify\">L&#8217;Equip d&#8217;Inclusi\u00f3 comarcal ser\u00e0 el responsable d&#8217;impulsar el Programa de millora social del Pla de Barris del nucli antic de l&#8217;Escala.<\/p>\n<p lang=\"ca-ES\" align=\"justify\">El proc\u00e9s selectiu cerca persones per cobrir les dues places de t\u00e8cnics que refor\u00e7aran l&#8217;equip per impulsar el Programa de millora social del Pla de Barris de L&#8217;Escala, concretament, un pla\u00e7a de t\u00e8cnic\/a mig en desenvolupament comunitari i una de t\u00e8cnic\/a mig en mediaci\u00f3 comunit\u00e0ria.<\/p>\n<p lang=\"ca-ES\" align=\"justify\">A trav\u00e9s d&#8217;<a href=\"http:\/\/www.altemporda.org\/portal\/recursoshumans1\/convocatoria-borsa-de-treball\/2828-convocatoria-del-consell-comarcal-de-l-alt-emporda\">aquest enlla\u00e7<\/a> podeu consultar l&#8217;Anunci, les Bases Generals i les Bases espec\u00edfiques de les dues places convocades. El termini de presentaci\u00f3 de candidatures finalitza el proper 25 de setembre.<\/p>\n<p lang=\"ca-ES\" align=\"justify\">L&#8217;Equip d&#8217;Inclusi\u00f3 del Consell Comarcal de l&#8217;Alt Empord\u00e0 gestiona des de principis d&#8217;aquest mes el Programa de millora social del Pla de Barris del nucli antic de l&#8217;Escala, que t\u00e9 com a finalitat impulsar accions de dinamitzaci\u00f3 social i promoci\u00f3 de la cohesi\u00f3 social al municipi fins al desembre de l&#8217;any 2018.<\/p>\n","protected":false},"excerpt":{"rendered":"<p>Oberta la convocat\u00f2ria de proves selectives per a dues places de t\u00e8cnics\/ques en el marc del programa per a la millora social del Pla de Barris del nucli antic de l&#8217;Escala entre el Consell Comarcal de l&#8217;Alt Empord\u00e0 i l&#8217;Ajuntament de l&#8217;Escala.<\/p>\n","protected":false},"author":3,"featured_media":6455,"comment_status":"closed","ping_status":"closed","sticky":false,"template":"","format":"standard","meta":{"footnotes":""},"categories":[106,33,107,101,104,103,1,102,11],"tags":[],"class_list":["post-6450","post","type-post","status-publish","format-standard","has-post-thumbnail","hentry","category-administracions","category-agenda","category-centres-recerca-universitats","category-ciutadania","category-entitats-socials","category-estudiants-escoles-instituts","category-general","category-professionals-ambit-social","category-taula-inclusio","category-106","category-33","category-107","category-101","category-104","category-103","category-1","category-102","category-11","description-off"],"_links":{"self":[{"href":"https:\/\/inclusioaltemporda.cat\/portal\/wp-json\/wp\/v2\/posts\/6450","targetHints":{"allow":["GET"]}}],"collection":[{"href":"https:\/\/inclusioaltemporda.cat\/portal\/wp-json\/wp\/v2\/posts"}],"about":[{"href":"https:\/\/inclusioaltemporda.cat\/portal\/wp-json\/wp\/v2\/types\/post"}],"author":[{"embeddable":true,"href":"https:\/\/inclusioaltemporda.cat\/portal\/wp-json\/wp\/v2\/users\/3"}],"replies":[{"embeddable":true,"href":"https:\/\/inclusioaltemporda.cat\/portal\/wp-json\/wp\/v2\/comments?post=6450"}],"version-history":[{"count":4,"href":"https:\/\/inclusioaltemporda.cat\/portal\/wp-json\/wp\/v2\/posts\/6450\/revisions"}],"predecessor-version":[{"id":6457,"href":"https:\/\/inclusioaltemporda.cat\/portal\/wp-json\/wp\/v2\/posts\/6450\/revisions\/6457"}],"wp:featuredmedia":[{"embeddable":true,"href":"https:\/\/inclusioaltemporda.cat\/portal\/wp-json\/wp\/v2\/media\/6455"}],"wp:attachment":[{"href":"https:\/\/inclusioaltemporda.cat\/portal\/wp-json\/wp\/v2\/media?parent=6450"}],"wp:term":[{"taxonomy":"category","embeddable":true,"href":"https:\/\/inclusioaltemporda.cat\/portal\/wp-json\/wp\/v2\/categories?post=6450"},{"taxonomy":"post_tag","embeddable":true,"href":"https:\/\/inclusioaltemporda.cat\/portal\/wp-json\/wp\/v2\/tags?post=6450"}],"curies":[{"name":"wp","href":"https:\/\/api.w.org\/{rel}","templated":true}]}}