{"id":6476,"date":"2017-09-21T14:29:26","date_gmt":"2017-09-21T13:29:26","guid":{"rendered":"https:\/\/inclusioaltemporda.cat\/portal\/?p=6476"},"modified":"2017-09-21T14:36:33","modified_gmt":"2017-09-21T13:36:33","slug":"el-projecte-del-dofi-teatre-a-labast-guanya-el-premi-dinclusio-social-2017-del-consell-comarcal","status":"publish","type":"post","link":"https:\/\/inclusioaltemporda.cat\/portal\/el-projecte-del-dofi-teatre-a-labast-guanya-el-premi-dinclusio-social-2017-del-consell-comarcal\/","title":{"rendered":"El projecte d&#8217;El Dof\u00ed &#8220;Teatre a l&#8217;abast&#8221; guanya el Premi d&#8217;Inclusi\u00f3 Social 2017 del Consell Comarcal"},"content":{"rendered":"<p>El Consell Comarcal de l&#8217;Alt Empord\u00e0 ha acordat atorgar el Premi Inclusi\u00f3 Social 2017 al projecte &#8220;Teatre a l&#8217;abast&#8221; del Centre de lleure El Dof\u00ed en col\u00b7laboraci\u00f3 amb l&#8217;associaci\u00f3 de teatre juvenil A Mossegades. Aquesta iniciativa pret\u00e9n formar un grup teatral juvenil inclusiu integrat per joves amb diversitat funcional del Dof\u00ed i de l&#8217;associaci\u00f3 A mossegades, que promogui l&#8217;acc\u00e9s al lleure, la cultura i l&#8217;educaci\u00f3 no formal de persones amb diversitat funcional a trav\u00e9s de la creaci\u00f3 i producci\u00f3 d&#8217;un espectacle teatral.<\/p>\n<p>El projecte, adre\u00e7at a joves participants del Dof\u00ed i A mossegades, desenvolupar\u00e0 un projecte d&#8217;intervenci\u00f3 social i educativa en a trav\u00e9s dels l&#8217;educaci\u00f3 no formal, atenent a les necessitats espec\u00edfiques dels i les joves de les dues entitats: adolescents i joves amb i sense diversitat funcional. &#8220;Teatre a l&#8217;abast&#8221; tamb\u00e9 t\u00e9 com a objectiu estimular la creaci\u00f3 d&#8217;oferta cultural i de lleure inclusiu a la comarca.<\/p>\n<p>El premi Inclusi\u00f3 Social 2017 dotat amb 6.000 euros permetr\u00e0 que aquest curs escolar vint joves de les dues entitats participin en el desenvolupament del projecte. El Concurs de Projectes d&#8217;Inclusi\u00f3 Social t\u00e9 com a objectiu fer emergir iniciatives innovadores en l\u2019\u00e0mbit de la inclusi\u00f3 i la cohesi\u00f3 social i finan\u00e7ar projectes en el territori. Aquesta iniciativa, que s\u2019emmarca en el Pla d\u2019Inclusi\u00f3 i Cohesi\u00f3 Social de l\u2019Alt Empord\u00e0, t\u00e9 com a finalitat millorar les condicions de vida de la poblaci\u00f3 de la comarca i refor\u00e7ar la cohesi\u00f3 social. L&#8217;edici\u00f3 d&#8217;enguany, que ha estat la cinquena, ha comptat amb la participaci\u00f3 de 10 projectes.<\/p>\n","protected":false},"excerpt":{"rendered":"<p> Aquesta iniciativa pret\u00e9n formar un grup teatral juvenil inclusiu integrat per joves amb diversitat funcional del Dof\u00ed i de l&#8217;associaci\u00f3 A mossegades que promogui l&#8217;acc\u00e9s al lleure, la cultura i l&#8217;educaci\u00f3 no formal de persones amb diversitat funcional a trav\u00e9s de la creaci\u00f3 i producci\u00f3 d&#8217;un espectacle teatral.<\/p>\n","protected":false},"author":2,"featured_media":6263,"comment_status":"closed","ping_status":"closed","sticky":false,"template":"","format":"standard","meta":{"footnotes":""},"categories":[1],"tags":[],"class_list":["post-6476","post","type-post","status-publish","format-standard","has-post-thumbnail","hentry","category-general","category-1","description-off"],"_links":{"self":[{"href":"https:\/\/inclusioaltemporda.cat\/portal\/wp-json\/wp\/v2\/posts\/6476","targetHints":{"allow":["GET"]}}],"collection":[{"href":"https:\/\/inclusioaltemporda.cat\/portal\/wp-json\/wp\/v2\/posts"}],"about":[{"href":"https:\/\/inclusioaltemporda.cat\/portal\/wp-json\/wp\/v2\/types\/post"}],"author":[{"embeddable":true,"href":"https:\/\/inclusioaltemporda.cat\/portal\/wp-json\/wp\/v2\/users\/2"}],"replies":[{"embeddable":true,"href":"https:\/\/inclusioaltemporda.cat\/portal\/wp-json\/wp\/v2\/comments?post=6476"}],"version-history":[{"count":4,"href":"https:\/\/inclusioaltemporda.cat\/portal\/wp-json\/wp\/v2\/posts\/6476\/revisions"}],"predecessor-version":[{"id":6478,"href":"https:\/\/inclusioaltemporda.cat\/portal\/wp-json\/wp\/v2\/posts\/6476\/revisions\/6478"}],"wp:featuredmedia":[{"embeddable":true,"href":"https:\/\/inclusioaltemporda.cat\/portal\/wp-json\/wp\/v2\/media\/6263"}],"wp:attachment":[{"href":"https:\/\/inclusioaltemporda.cat\/portal\/wp-json\/wp\/v2\/media?parent=6476"}],"wp:term":[{"taxonomy":"category","embeddable":true,"href":"https:\/\/inclusioaltemporda.cat\/portal\/wp-json\/wp\/v2\/categories?post=6476"},{"taxonomy":"post_tag","embeddable":true,"href":"https:\/\/inclusioaltemporda.cat\/portal\/wp-json\/wp\/v2\/tags?post=6476"}],"curies":[{"name":"wp","href":"https:\/\/api.w.org\/{rel}","templated":true}]}}