{"id":6481,"date":"2017-09-25T08:40:31","date_gmt":"2017-09-25T07:40:31","guid":{"rendered":"https:\/\/inclusioaltemporda.cat\/portal\/?p=6481"},"modified":"2017-09-25T08:55:09","modified_gmt":"2017-09-25T07:55:09","slug":"jornada-nosaltres-2017-reptes-de-leducacio-inclusiva","status":"publish","type":"post","link":"https:\/\/inclusioaltemporda.cat\/portal\/jornada-nosaltres-2017-reptes-de-leducacio-inclusiva\/","title":{"rendered":"Jornada Nos+Altres 2017 &#8220;Reptes de l&#8217;educaci\u00f3 inclusiva&#8221;"},"content":{"rendered":"<p>El proper dijous 5 d&#8217;octubre es celebrar\u00e0 l&#8217;<a href=\"https:\/\/inclusioaltemporda.cat\/portal\/wp-content\/uploads\/Jornada-NOSALTRES-2017.pdf\" target=\"_blank\" rel=\"noopener\">11a edici\u00f3 de la jornada Nos+Altres<\/a>, que anualment organitza el Consell Comarcal de l&#8217;Alt Empord\u00e0\u00a0i l&#8217;Ajuntament de Figueres, amb el suport de la Secretaria d&#8217;Igualtat, Migracions i Ciutadania. La present edici\u00f3 del Nos+Altres vol posar sobre la taula el debat entorn els reptes de l&#8217;educaci\u00f3 inclusiva a la comarca.<\/p>\n<p>La Jornada, que est\u00e0 oberta al p\u00fablic en general, t\u00e9 com a principal objectiu sensibilitzar la poblaci\u00f3\u00a0 sobre els reptes que la diversitat genera per al conjunt de la nostra societat, i alhora oferir eines de treball als professionals que quotidianament treballen en un context marcat per la diversitat cultural, fent front als reptes que aquesta genera.<\/p>\n<p>El Nos+Altres, que es dur\u00e0 a terme al Centre C\u00edvic Joaquim Xirau de Figueres (Marca de l&#8217;Ham &#8211; Ctra. de Vilatenim, s\/n) de 9h a 13:30h, comptar\u00e0 amb la participaci\u00f3 de Xavier Bonal, professor del departament de Sociologia de la UAB i director del grup de recerca Globalitzaci\u00f3, Educaci\u00f3 i Pol\u00edtiques Socials, amb la pon\u00e8ncia &#8220;Pol\u00edtiques inclusives i equitat educativa per a la igualtat d&#8217;oportunitats&#8221;, la presentaci\u00f3 del Pla d&#8217;escolaritzaci\u00f3 extensiva de Banyoles, a c\u00e0rrec d&#8217;Anna Roura i Mireia Mart\u00ed, t\u00e8cniques del Serves d&#8217;Educaci\u00f3 de l&#8217;Ajuntament de Banyoles, i finalitzar\u00e0 amb una Taula rodona d&#8217;experi\u00e8ncies inclusives en la que participaran l&#8217;Institut Pau Claris de Barcelona i l&#8217;Escola Joaquim Ruyra de l&#8217;Hospitalet de Llobregat. El programa complet de la jornada es pot consultar en <a href=\"https:\/\/inclusioaltemporda.cat\/portal\/wp-content\/uploads\/Jornada-NOSALTRES-2017.pdf\" target=\"_blank\" rel=\"noopener\">aquest enlla\u00e7<\/a>.<\/p>\n<p>&nbsp;<\/p>\n<p>Les inscripcions es poden fer fins el dia 4 d&#8217;octubre a l&#8217;\u00c0rea de Benestar del Consell Comarcal (Telf. 972.67.70.50; mail. ssocials@altemporda.cat) o als Servei d&#8217;Immigraci\u00f3 i Diversitat de l&#8217;Ajuntament de Figueres (Telf. 972.67.46.69; mail. cnoguera@figueres.org o zrotbi@figueres.org)<\/p>\n","protected":false},"excerpt":{"rendered":"<p>La jornada, organitzada pel Consell Comarcal de l&#8217;Alt Empord\u00e0 i l&#8217;Ajuntament de Figueres, vol posar sobre la taula el debat entorn els reptes de l&#8217;educaci\u00f3 inclusiva a la comarca<\/p>\n","protected":false},"author":2,"featured_media":3271,"comment_status":"closed","ping_status":"closed","sticky":false,"template":"","format":"standard","meta":{"footnotes":""},"categories":[106,33,100,107,103,1,108,12,102,11],"tags":[],"class_list":["post-6481","post","type-post","status-publish","format-standard","has-post-thumbnail","hentry","category-administracions","category-agenda","category-area-benestar","category-centres-recerca-universitats","category-estudiants-escoles-instituts","category-general","category-mitjans-comunicacio","category-pla-dinclusio-2","category-professionals-ambit-social","category-taula-inclusio","category-106","category-33","category-100","category-107","category-103","category-1","category-108","category-12","category-102","category-11","description-off"],"_links":{"self":[{"href":"https:\/\/inclusioaltemporda.cat\/portal\/wp-json\/wp\/v2\/posts\/6481","targetHints":{"allow":["GET"]}}],"collection":[{"href":"https:\/\/inclusioaltemporda.cat\/portal\/wp-json\/wp\/v2\/posts"}],"about":[{"href":"https:\/\/inclusioaltemporda.cat\/portal\/wp-json\/wp\/v2\/types\/post"}],"author":[{"embeddable":true,"href":"https:\/\/inclusioaltemporda.cat\/portal\/wp-json\/wp\/v2\/users\/2"}],"replies":[{"embeddable":true,"href":"https:\/\/inclusioaltemporda.cat\/portal\/wp-json\/wp\/v2\/comments?post=6481"}],"version-history":[{"count":4,"href":"https:\/\/inclusioaltemporda.cat\/portal\/wp-json\/wp\/v2\/posts\/6481\/revisions"}],"predecessor-version":[{"id":6486,"href":"https:\/\/inclusioaltemporda.cat\/portal\/wp-json\/wp\/v2\/posts\/6481\/revisions\/6486"}],"wp:featuredmedia":[{"embeddable":true,"href":"https:\/\/inclusioaltemporda.cat\/portal\/wp-json\/wp\/v2\/media\/3271"}],"wp:attachment":[{"href":"https:\/\/inclusioaltemporda.cat\/portal\/wp-json\/wp\/v2\/media?parent=6481"}],"wp:term":[{"taxonomy":"category","embeddable":true,"href":"https:\/\/inclusioaltemporda.cat\/portal\/wp-json\/wp\/v2\/categories?post=6481"},{"taxonomy":"post_tag","embeddable":true,"href":"https:\/\/inclusioaltemporda.cat\/portal\/wp-json\/wp\/v2\/tags?post=6481"}],"curies":[{"name":"wp","href":"https:\/\/api.w.org\/{rel}","templated":true}]}}