{"id":6488,"date":"2017-10-04T10:56:58","date_gmt":"2017-10-04T09:56:58","guid":{"rendered":"https:\/\/inclusioaltemporda.cat\/portal\/?p=6488"},"modified":"2017-10-04T11:18:38","modified_gmt":"2017-10-04T10:18:38","slug":"jornada-la-perspectiva-de-genere-i-la-gestio-de-la-diversitat","status":"publish","type":"post","link":"https:\/\/inclusioaltemporda.cat\/portal\/jornada-la-perspectiva-de-genere-i-la-gestio-de-la-diversitat\/","title":{"rendered":"Jornada &#8220;La perspectiva de g\u00e8nere i la gesti\u00f3 de la diversitat&#8221;"},"content":{"rendered":"<p>El proper dissabte 21 d&#8217;octubre tindr\u00e0 lloc a Castell\u00f3 d&#8217;Emp\u00faries la Jornada de formaci\u00f3 per entitats i voluntariat &#8220;La Perspectiva de g\u00e8nere i la gesti\u00f3 de la diversitat&#8221; organitzada per la <a href=\"https:\/\/inclusioaltemporda.cat\/portal\/taula-dinclusio\/\" target=\"_blank\" rel=\"noopener\">Taula d\u2019Entitats d\u2019Inclusi\u00f3 Social<\/a>, l\u2019<a href=\"http:\/\/www.castello.cat\/\" target=\"_blank\" rel=\"noopener\">Ajuntament Castell\u00f3 d&#8217;Emp\u00faries<\/a> i el <a href=\"https:\/\/inclusioaltemporda.cat\/portal\/jornada-eines-per-a-la-gestio-emocional-dequips-i-voluntaris\/www.altemporda.cat\" target=\"_blank\" rel=\"noopener\">Consell Comarcal de l\u2019Alt Empord\u00e0<\/a>.<\/p>\n<p>Aquesta jornada, que se celebrar\u00e0 al <a href=\"https:\/\/goo.gl\/maps\/rbNtnQ7NRjo\" target=\"_blank\" rel=\"noopener\">Convent de Sant Clara del Castell\u00f3 d&#8217;Emp\u00faries<\/a>, de 9:30h a 17:00h, t\u00e9 com a finalitat promoure la reflexi\u00f3 i el debat a l\u2019entorn de la incorporaci\u00f3 de la perspectiva de g\u00e8nere i la gesti\u00f3 de la diversitat en els equips professionals i el voluntariat de les entitats.<\/p>\n<p>La primera part de la jornada comptar\u00e0 amb la pon\u00e8ncia inaugural \u201cLa perspectiva de g\u00e8nere: diversitat, igualtat i estereotips\u201d a c\u00e0rrec de Ra\u00fcl L\u00f3pez de l&#8217;Escola Lliure El Sol. A continuaci\u00f3 hi ha previst el taller &#8220;Les ulleres de g\u00e8nere; una mirada necess\u00e0ria sobre les desigualtats socials i la gesti\u00f3 de la diversitat\u201d dinamitzat per Mireia Martin de la Fundaci\u00f3 Surt.<\/p>\n<p>La sessi\u00f3 de tarda continuar\u00e0 amb els tallers paral\u00b7lels seg\u00fcents. En primer lloc el taller \u201cDesenredant el g\u00e8nere, com empoderar el voluntariat com agents de canvi amb mirada de g\u00e8nere\u201d, dinamitzat per L&#8217;Iru Fontdecaba de l&#8217;Associaci\u00f3 C\u00farcuma. I en segon lloc, el taller \u201cCom definir projectes i accions amb perspectiva de g\u00e8nere\u201d, dinamitzat per Mireia Martin de la Fundaci\u00f3 Surt.<\/p>\n<p>La jornada es podr\u00e0 seguir a trav\u00e9s del compte de twitter <a href=\"https:\/\/twitter.com\/AEmpordainclou\" target=\"_blank\" rel=\"noopener\">@AEmpordainclou<\/a> i els hashtags <a href=\"https:\/\/twitter.com\/search?f=tweets&amp;q=%23generealtemporda&amp;src=typd\" target=\"_blank\" rel=\"noopener\">#generealtemporda<\/a> i <a href=\"https:\/\/twitter.com\/search?f=tweets&amp;q=%23diversitataltemporda&amp;src=typd\" target=\"_blank\" rel=\"noopener\">#diversitataltemporda<\/a><\/p>\n<p>Podeu consultar el programa de la jornada en <a href=\"https:\/\/inclusioaltemporda.cat\/portal\/wp-content\/uploads\/JORNADA-DE-FORMACI\u00d3-2017.pdf\" target=\"_blank\" rel=\"noopener\">aquest enlla\u00e7<\/a>.<\/p>\n<p>\u00c9s imprescindible fer la inscripci\u00f3 (inclou dinar) abans del dia 18 d&#8217;octubre per poder participar a la Jornada.\u00a0 El preu de la inscripci\u00f3 \u00e9s de 5\u20ac. El procediment d&#8217;inscripci\u00f3 \u00e9s el seg\u00fcent:<\/p>\n<p>1. Omple el <a href=\"https:\/\/inclusioaltemporda.cat\/portal\/jornada-inscripcions\/\" target=\"_blank\" rel=\"noopener\">formulari d&#8217;inscripci\u00f3<\/a><br \/>\n2. Fes l&#8217;ingr\u00e9s del preu d&#8217;inscripci\u00f3 de 5\u20ac al n\u00famero de compte corrent ES02 2100 0013 7902 00847518 fent constar NOM i COGNOMS.<br \/>\n3. Escaneja i envia el comprovant de pagament al mail <a href=\"mailto:ssocials@altemporda.cat\">ssocials@altemporda.cat<\/a><\/p>\n<p>Per a m\u00e9s informaci\u00f3 podeu contactar amb el Consell Comarcal de l\u2019Alt Empord\u00e0 al tel\u00e8fon 972.67.70.50 (de 9h a 14h).<\/p>\n<p>Aquesta \u00e9s una iniciativa de la Taula d\u2019Inclusi\u00f3 de l\u2019Alt Empord\u00e0 amb l\u2019objectiu d\u2019oferir un espai de formaci\u00f3 proper i de qualitat a les entitats de la comarca, que aquest any celebra la seva quarta edici\u00f3.<\/p>\n<p>&nbsp;<\/p>\n<p>&nbsp;<\/p>\n","protected":false},"excerpt":{"rendered":"<p>Aquesta \u00e9s una iniciativa de la Taula d\u2019Inclusi\u00f3 de l\u2019Alt Empord\u00e0 amb l\u2019objectiu d\u2019oferir un espai de formaci\u00f3 proper i de qualitat a les entitats de la comarca, que aquest any celebra la seva quarta edici\u00f3.<\/p>\n","protected":false},"author":2,"featured_media":5281,"comment_status":"closed","ping_status":"closed","sticky":false,"template":"","format":"standard","meta":{"footnotes":""},"categories":[106,100,101,104,103,1,108,12,102,11],"tags":[],"class_list":["post-6488","post","type-post","status-publish","format-standard","has-post-thumbnail","hentry","category-administracions","category-area-benestar","category-ciutadania","category-entitats-socials","category-estudiants-escoles-instituts","category-general","category-mitjans-comunicacio","category-pla-dinclusio-2","category-professionals-ambit-social","category-taula-inclusio","category-106","category-100","category-101","category-104","category-103","category-1","category-108","category-12","category-102","category-11","description-off"],"_links":{"self":[{"href":"https:\/\/inclusioaltemporda.cat\/portal\/wp-json\/wp\/v2\/posts\/6488","targetHints":{"allow":["GET"]}}],"collection":[{"href":"https:\/\/inclusioaltemporda.cat\/portal\/wp-json\/wp\/v2\/posts"}],"about":[{"href":"https:\/\/inclusioaltemporda.cat\/portal\/wp-json\/wp\/v2\/types\/post"}],"author":[{"embeddable":true,"href":"https:\/\/inclusioaltemporda.cat\/portal\/wp-json\/wp\/v2\/users\/2"}],"replies":[{"embeddable":true,"href":"https:\/\/inclusioaltemporda.cat\/portal\/wp-json\/wp\/v2\/comments?post=6488"}],"version-history":[{"count":2,"href":"https:\/\/inclusioaltemporda.cat\/portal\/wp-json\/wp\/v2\/posts\/6488\/revisions"}],"predecessor-version":[{"id":6491,"href":"https:\/\/inclusioaltemporda.cat\/portal\/wp-json\/wp\/v2\/posts\/6488\/revisions\/6491"}],"wp:featuredmedia":[{"embeddable":true,"href":"https:\/\/inclusioaltemporda.cat\/portal\/wp-json\/wp\/v2\/media\/5281"}],"wp:attachment":[{"href":"https:\/\/inclusioaltemporda.cat\/portal\/wp-json\/wp\/v2\/media?parent=6488"}],"wp:term":[{"taxonomy":"category","embeddable":true,"href":"https:\/\/inclusioaltemporda.cat\/portal\/wp-json\/wp\/v2\/categories?post=6488"},{"taxonomy":"post_tag","embeddable":true,"href":"https:\/\/inclusioaltemporda.cat\/portal\/wp-json\/wp\/v2\/tags?post=6488"}],"curies":[{"name":"wp","href":"https:\/\/api.w.org\/{rel}","templated":true}]}}