{"id":6511,"date":"2017-11-24T08:30:37","date_gmt":"2017-11-24T07:30:37","guid":{"rendered":"https:\/\/inclusioaltemporda.cat\/portal\/?p=6511"},"modified":"2017-11-27T15:48:40","modified_gmt":"2017-11-27T14:48:40","slug":"25n-xerrada-vides-dignes-i-lliures-de-violencia","status":"publish","type":"post","link":"https:\/\/inclusioaltemporda.cat\/portal\/25n-xerrada-vides-dignes-i-lliures-de-violencia\/","title":{"rendered":"25N Xerrada &#8220;Vides dignes i lliures de viol\u00e8ncia&#8221;"},"content":{"rendered":"<p>L&#8217;Ajuntament de Llan\u00e7\u00e0 en col\u00b7laboraci\u00f3 amb el Consell Comarcal de l&#8217;Alt Empord\u00e0 organitza aquesta tarda, en el marc de la commemoraci\u00f3 del Dia Internacional per a l\u2019Eliminaci\u00f3 de la Viol\u00e8ncia envers les Dones, la xerrada <a href=\"https:\/\/inclusioaltemporda.cat\/portal\/wp-content\/uploads\/Cartell-Dia-Internacional-Viol\u00e8ncia-de-G\u00e8nere2.jpg\" target=\"_blank\" rel=\"noopener\">&#8220;Vides dignes i lliures de viol\u00e8ncia&#8221;<\/a>. L&#8217;acte es celebrar\u00e0 a les 19h a la Sala de Confer\u00e8ncies de la Casa de Cultura.<\/p>\n<p>La xerrada,que anir\u00e0 a c\u00e0rrec de Tina Ruiz Comellas, Educadora social i Pedagoga, tractar\u00e0 entorn el g\u00e8nere com a construcci\u00f3 social, de les diversitats d&#8217;orientaci\u00f3 sexual i afectiva, de la identitat i l&#8217;expressi\u00f3 de g\u00e8nere, els estereotips sexistes, els prejudicis, la relaci\u00f3 entre el masclisme i l&#8217;homof\u00f2bia i la llei pels drets de les persones LGBTI, entre d\u2019altres.<\/p>\n<p>Aquesta activitat s&#8217;inscriu en el marc de les activitats de sensibilitzaci\u00f3 del Servei d&#8217;atenci\u00f3 intergral LGTBI de l&#8217;Alt Empord\u00e0 i de l&#8217;objectiu estrat\u00e8gic del Pla d&#8217;Igualtat de g\u00e8nere de l&#8217;Alt Empord\u00e0 2017-19 de promoci\u00f3 del treball comunitari i de sensibitlitzaci\u00f3 per refor\u00e7ar accions per l&#8217;equitat de g\u00e8nere en municipis adherits al Pla.<\/p>\n<p>&nbsp;<\/p>\n<p>&nbsp;<\/p>\n","protected":false},"excerpt":{"rendered":"<p>L&#8217;Ajuntament de Llan\u00e7\u00e0 en col\u00b7laboraci\u00f3 amb el Consell Comarcal de l&#8217;Alt Empord\u00e0 organitza aquesta tarda, en el marc de la commemoraci\u00f3 del Dia Internacional per a l\u2019Eliminaci\u00f3 de la Viol\u00e8ncia&hellip;<\/p>\n","protected":false},"author":2,"featured_media":2378,"comment_status":"closed","ping_status":"closed","sticky":false,"template":"","format":"standard","meta":{"footnotes":""},"categories":[106,33,100,101,104,103,1,108,12],"tags":[],"class_list":["post-6511","post","type-post","status-publish","format-standard","has-post-thumbnail","hentry","category-administracions","category-agenda","category-area-benestar","category-ciutadania","category-entitats-socials","category-estudiants-escoles-instituts","category-general","category-mitjans-comunicacio","category-pla-dinclusio-2","category-106","category-33","category-100","category-101","category-104","category-103","category-1","category-108","category-12","description-off"],"_links":{"self":[{"href":"https:\/\/inclusioaltemporda.cat\/portal\/wp-json\/wp\/v2\/posts\/6511","targetHints":{"allow":["GET"]}}],"collection":[{"href":"https:\/\/inclusioaltemporda.cat\/portal\/wp-json\/wp\/v2\/posts"}],"about":[{"href":"https:\/\/inclusioaltemporda.cat\/portal\/wp-json\/wp\/v2\/types\/post"}],"author":[{"embeddable":true,"href":"https:\/\/inclusioaltemporda.cat\/portal\/wp-json\/wp\/v2\/users\/2"}],"replies":[{"embeddable":true,"href":"https:\/\/inclusioaltemporda.cat\/portal\/wp-json\/wp\/v2\/comments?post=6511"}],"version-history":[{"count":4,"href":"https:\/\/inclusioaltemporda.cat\/portal\/wp-json\/wp\/v2\/posts\/6511\/revisions"}],"predecessor-version":[{"id":6516,"href":"https:\/\/inclusioaltemporda.cat\/portal\/wp-json\/wp\/v2\/posts\/6511\/revisions\/6516"}],"wp:featuredmedia":[{"embeddable":true,"href":"https:\/\/inclusioaltemporda.cat\/portal\/wp-json\/wp\/v2\/media\/2378"}],"wp:attachment":[{"href":"https:\/\/inclusioaltemporda.cat\/portal\/wp-json\/wp\/v2\/media?parent=6511"}],"wp:term":[{"taxonomy":"category","embeddable":true,"href":"https:\/\/inclusioaltemporda.cat\/portal\/wp-json\/wp\/v2\/categories?post=6511"},{"taxonomy":"post_tag","embeddable":true,"href":"https:\/\/inclusioaltemporda.cat\/portal\/wp-json\/wp\/v2\/tags?post=6511"}],"curies":[{"name":"wp","href":"https:\/\/api.w.org\/{rel}","templated":true}]}}