{"id":6519,"date":"2017-11-29T10:05:50","date_gmt":"2017-11-29T09:05:50","guid":{"rendered":"https:\/\/inclusioaltemporda.cat\/portal\/?p=6519"},"modified":"2017-11-29T10:24:41","modified_gmt":"2017-11-29T09:24:41","slug":"curs-de-primera-acollida-a-roses-i-castello-dempuries","status":"publish","type":"post","link":"https:\/\/inclusioaltemporda.cat\/portal\/curs-de-primera-acollida-a-roses-i-castello-dempuries\/","title":{"rendered":"Curs de primera acollida a Roses i Castell\u00f3 d&#8217;Emp\u00faries"},"content":{"rendered":"<p>El Consell Comarcal de l\u2019Alt Empord\u00e0 com a responsable del Servei d&#8217;acollida i dinamitzaci\u00f3 comunit\u00e0ria, est\u00e0 realitzant aquesta setmana a Roses un curs de primera acollida adre\u00e7at a persones nouvingudes per obtenir el certificat d&#8217;acollida que els permeti regularitzar o renovar la seva situaci\u00f3 administrativa.<\/p>\n<p>El curs d&#8217;acollida de Roses, que compta amb el finan\u00e7ament del Fons Social Europeu i el suport de la Secretaria d&#8217;Igualtat, Migracions i Ciutadania de la Generalitat de Catalunya i dels ajuntaments de Roses, es centra en el m\u00f2dul C coneixement de la societat catalana i el seu marc jur\u00eddic.<\/p>\n<p align=\"justify\">Per poder obtenir el certificat d&#8217;acollida, tal com estableix el Reglament d&#8217;Acollida de la Generalitat de Catalunya, cal acreditar la participaci\u00f3 en tres m\u00f2duls de formaci\u00f3: un m\u00f2dul (A) per aprendre catal\u00e0 i castell\u00e0 amb un m\u00ednim de 90 hores de formaci\u00f3 en cadascuna de les dues lleng\u00fces oficials, un m\u00f2dul (B) sobre coneixements laborals amb una durada m\u00ednima de 15 hores i un tercer m\u00f2dul (C) sobre coneixement de la societat catalana i del seu marc jur\u00eddic amb un m\u00ednim de 15 hores.<\/p>\n<p>La formaci\u00f3, que s&#8217;est\u00e0 duent a terme a Ca l&#8217;Anita durant aquesta setmana, compta amb la participaci\u00f3 de 15 persones (9 homes i 7 dones)<\/p>\n<p>Est\u00e0 prevista la realitzaci\u00f3 d&#8217;un nou curs de primera d&#8217;acollida (m\u00f2dul C) al municipi de Castell\u00f3 d&#8217;Emp\u00faries del dia 11 al 15 de desembre, de 9 a 12h. al Casal C\u00edvic d&#8217;Empuriabrava. Les inscripcions es realitzaran durant primer dia del curs. Per a m\u00e9s informaci\u00f3 us podeu adre\u00e7ar a l&#8217;\u00c0rea de Benestar- Servei d&#8217;acollida i dinamitzaci\u00f3 comunit\u00e0ria a trav\u00e9s del tel\u00e8fon 972.67.70.50 o el correu electr\u00f2nic ssocials@altemporda.cat<\/p>\n<p>&nbsp;<\/p>\n<p class=\"western\" align=\"justify\">\n","protected":false},"excerpt":{"rendered":"<p>El Consell Comarcal de l\u2019Alt Empord\u00e0 com a responsable del Servei d&#8217;acollida i dinamitzaci\u00f3 comunit\u00e0ria realitza aquesta setmana a Roses un curs de primera acollida adre\u00e7at a persones nouvingudes per obtenir el certificat d&#8217;acollida.<\/p>\n","protected":false},"author":2,"featured_media":6284,"comment_status":"closed","ping_status":"closed","sticky":false,"template":"","format":"standard","meta":{"footnotes":""},"categories":[106,100,101,103,1,108,102],"tags":[],"class_list":["post-6519","post","type-post","status-publish","format-standard","has-post-thumbnail","hentry","category-administracions","category-area-benestar","category-ciutadania","category-estudiants-escoles-instituts","category-general","category-mitjans-comunicacio","category-professionals-ambit-social","category-106","category-100","category-101","category-103","category-1","category-108","category-102","description-off"],"_links":{"self":[{"href":"https:\/\/inclusioaltemporda.cat\/portal\/wp-json\/wp\/v2\/posts\/6519","targetHints":{"allow":["GET"]}}],"collection":[{"href":"https:\/\/inclusioaltemporda.cat\/portal\/wp-json\/wp\/v2\/posts"}],"about":[{"href":"https:\/\/inclusioaltemporda.cat\/portal\/wp-json\/wp\/v2\/types\/post"}],"author":[{"embeddable":true,"href":"https:\/\/inclusioaltemporda.cat\/portal\/wp-json\/wp\/v2\/users\/2"}],"replies":[{"embeddable":true,"href":"https:\/\/inclusioaltemporda.cat\/portal\/wp-json\/wp\/v2\/comments?post=6519"}],"version-history":[{"count":4,"href":"https:\/\/inclusioaltemporda.cat\/portal\/wp-json\/wp\/v2\/posts\/6519\/revisions"}],"predecessor-version":[{"id":6523,"href":"https:\/\/inclusioaltemporda.cat\/portal\/wp-json\/wp\/v2\/posts\/6519\/revisions\/6523"}],"wp:featuredmedia":[{"embeddable":true,"href":"https:\/\/inclusioaltemporda.cat\/portal\/wp-json\/wp\/v2\/media\/6284"}],"wp:attachment":[{"href":"https:\/\/inclusioaltemporda.cat\/portal\/wp-json\/wp\/v2\/media?parent=6519"}],"wp:term":[{"taxonomy":"category","embeddable":true,"href":"https:\/\/inclusioaltemporda.cat\/portal\/wp-json\/wp\/v2\/categories?post=6519"},{"taxonomy":"post_tag","embeddable":true,"href":"https:\/\/inclusioaltemporda.cat\/portal\/wp-json\/wp\/v2\/tags?post=6519"}],"curies":[{"name":"wp","href":"https:\/\/api.w.org\/{rel}","templated":true}]}}