{"id":6535,"date":"2018-01-30T11:22:54","date_gmt":"2018-01-30T10:22:54","guid":{"rendered":"https:\/\/inclusioaltemporda.cat\/portal\/?p=6535"},"modified":"2018-10-09T08:33:03","modified_gmt":"2018-10-09T07:33:03","slug":"jornada-de-formacio-per-a-entitats-a-lescala","status":"publish","type":"post","link":"https:\/\/inclusioaltemporda.cat\/portal\/jornada-de-formacio-per-a-entitats-a-lescala\/","title":{"rendered":"Jornada de formaci\u00f3 per a entitats a l&#8217;Escala"},"content":{"rendered":"<div>El proper 17 de febrer tindr\u00e0 lloc una jornada de formaci\u00f3 per a entitats\u00a0en el marc\u00a0del programa de millora social del Pla de Barris de l&#8217;Escala.<\/div>\n<div><\/div>\n<div>Aquesta formaci\u00f3\u00a0forma part de les accions que s&#8217;han posat en marxa per\u00a0fomentar el voluntariat de les entitats del municipi i refor\u00e7ar el teixit associatiu. Aquesta formaci\u00f3\u00a0facilitar\u00e0 a les entitats\u00a0un espai de treball i reflexi\u00f3 per\u00a0millorar els seus processos de treball i\u00a0enfortir la seva base social amb voluntariat.<\/div>\n<div><\/div>\n<div>La sessi\u00f3 de formaci\u00f3 estar\u00e0 dinamitzada\u00a0per professionals de l&#8217;Escola Lliure El Sol, una instituci\u00f3 no lucrativa fundada per la Fundaci\u00f3 Ferrer i Gu\u00e0rdia i Esplais Catalans, que avui \u00e9s referent de l&#8217;associacionisme, l&#8217;educaci\u00f3 i els drets civils. <a href=\"https:\/\/inclusioaltemporda.cat\/portal\/wp-content\/uploads\/D\u00cdPTIC-PLA-DE-BARRIS-LESCALA-2018.pdf\">Trobareu el programa en aquest enlla\u00e7<\/a>.<\/div>\n<div><\/div>\n<div>La\u00a0jornada de formaci\u00f3 tindr\u00e0 lloc el\u00a017 de febrer al Casal de la gent gran de l&#8217;Escala en un horari de 9:30 a 18:00h. Per poder participar en aquesta formaci\u00f3\u00a0 nom\u00e9s heu d&#8217;<a href=\"https:\/\/inclusioaltemporda.cat\/portal\/jornada-inscripcions\/\">omplir el formulari que trobareu\u00a0adjunt<\/a>. La data l\u00edmit per a les inscripcions \u00e9s el 15 de febrer.<\/div>\n<div><\/div>\n","protected":false},"excerpt":{"rendered":"<p>Aquesta formaci\u00f3 forma part de les accions que s&#8217;han posat en marxa per fomentar el voluntariat de les entitats del municipi i refor\u00e7ar el teixit associatiu<\/p>\n","protected":false},"author":3,"featured_media":6539,"comment_status":"closed","ping_status":"closed","sticky":false,"template":"","format":"standard","meta":{"footnotes":""},"categories":[106,33,100,101,104,103,1,108,12,11],"tags":[],"class_list":["post-6535","post","type-post","status-publish","format-standard","has-post-thumbnail","hentry","category-administracions","category-agenda","category-area-benestar","category-ciutadania","category-entitats-socials","category-estudiants-escoles-instituts","category-general","category-mitjans-comunicacio","category-pla-dinclusio-2","category-taula-inclusio","category-106","category-33","category-100","category-101","category-104","category-103","category-1","category-108","category-12","category-11","description-off"],"_links":{"self":[{"href":"https:\/\/inclusioaltemporda.cat\/portal\/wp-json\/wp\/v2\/posts\/6535","targetHints":{"allow":["GET"]}}],"collection":[{"href":"https:\/\/inclusioaltemporda.cat\/portal\/wp-json\/wp\/v2\/posts"}],"about":[{"href":"https:\/\/inclusioaltemporda.cat\/portal\/wp-json\/wp\/v2\/types\/post"}],"author":[{"embeddable":true,"href":"https:\/\/inclusioaltemporda.cat\/portal\/wp-json\/wp\/v2\/users\/3"}],"replies":[{"embeddable":true,"href":"https:\/\/inclusioaltemporda.cat\/portal\/wp-json\/wp\/v2\/comments?post=6535"}],"version-history":[{"count":7,"href":"https:\/\/inclusioaltemporda.cat\/portal\/wp-json\/wp\/v2\/posts\/6535\/revisions"}],"predecessor-version":[{"id":6849,"href":"https:\/\/inclusioaltemporda.cat\/portal\/wp-json\/wp\/v2\/posts\/6535\/revisions\/6849"}],"wp:featuredmedia":[{"embeddable":true,"href":"https:\/\/inclusioaltemporda.cat\/portal\/wp-json\/wp\/v2\/media\/6539"}],"wp:attachment":[{"href":"https:\/\/inclusioaltemporda.cat\/portal\/wp-json\/wp\/v2\/media?parent=6535"}],"wp:term":[{"taxonomy":"category","embeddable":true,"href":"https:\/\/inclusioaltemporda.cat\/portal\/wp-json\/wp\/v2\/categories?post=6535"},{"taxonomy":"post_tag","embeddable":true,"href":"https:\/\/inclusioaltemporda.cat\/portal\/wp-json\/wp\/v2\/tags?post=6535"}],"curies":[{"name":"wp","href":"https:\/\/api.w.org\/{rel}","templated":true}]}}