{"id":6595,"date":"2018-02-09T09:12:12","date_gmt":"2018-02-09T08:12:12","guid":{"rendered":"https:\/\/inclusioaltemporda.cat\/portal\/?p=6595"},"modified":"2018-02-09T09:18:49","modified_gmt":"2018-02-09T08:18:49","slug":"lespai-menuts-entra-en-funcionament-alls-municipis-de-llanca-i-castello-dempuries","status":"publish","type":"post","link":"https:\/\/inclusioaltemporda.cat\/portal\/lespai-menuts-entra-en-funcionament-alls-municipis-de-llanca-i-castello-dempuries\/","title":{"rendered":"L&#8217;Espai Menuts entra en funcionament a Llan\u00e7\u00e0 i Castell\u00f3 d&#8217;Emp\u00faries"},"content":{"rendered":"<p>El Consell Comarcal de l\u2019Alt Empord\u00e0, a trav\u00e9s de l\u2019\u00e0rea de Benestar i amb la col\u00b7laboraci\u00f3 dels ajuntaments de Castell\u00f3 d\u2019Emp\u00faries i de Llan\u00e7\u00e0 posa en marxa aquest mes de febrer un servei socioeducatiu preventiu, que va adre\u00e7at a fam\u00edlies i infants amb edats compreses entre els zero i els tres anys. Aquest servei, que porta el nom d\u2019Espai Menuts, tindr\u00e0 continu\u00eftat fins al proper mes de maig.<\/p>\n<p>Es tracta d\u2019una prestaci\u00f3 gratu\u00efta d\u2019atenci\u00f3 i acompanyament a les fam\u00edlies que tenen infants de 0-3 anys i que ofereix suport a la crian\u00e7a i a l\u2019educaci\u00f3 dels seus fills. En concret, a Castell\u00f3 d\u2019Emp\u00faries es desenvolupa tots els dilluns al mat\u00ed, de 9.30 a 11.30h, a les depend\u00e8ncies del Casal C\u00edvic d\u2019Empuriabrava, i a Llan\u00e7\u00e0, s\u2019ofereix tots els divendres al mat\u00ed, de 10 a 12h, a la llar d\u2019infants El Patinet.<\/p>\n<p>El servei posa la mirada en l\u2019infant, per\u00f2 s\u2019orienta a les fam\u00edlies, ja que els menors han de venir sempre acompanyats d\u2019un adult amb el qual tinguin un lligam emocional. Es tracta d\u2019un espai on promoure i realitzar un conjunt d\u2019accions preventives i de suport al nucli familiar, que afavoreixin la disminuci\u00f3 de possibles situacions de risc i potenciant les funcions pr\u00f2pies de la fam\u00edlia.<\/p>\n<p>En definitiva, aquest servei pret\u00e9n crear una relaci\u00f3 de suport i acompanyament a pares, mares i fills durant els primers anys de vida, que fomenti la comunicaci\u00f3 entre ells i l\u2019intercanvi d\u2019experi\u00e8ncies entre les fam\u00edlies. En aquest sentit tamb\u00e9 es volen promoure xarxes de suport informal entre fam\u00edlies davant les necessitats pr\u00f2pies que es produeixen en els diferents moments del seu cicle vital.<\/p>\n","protected":false},"excerpt":{"rendered":"<p>L&#8217;Espai Menuts \u00e9s un un servei socioeducatiu preventiu adre\u00e7at a fam\u00edlies i infants que es posa en funcionament amb la col\u00b7laboraci\u00f3 entre el Consell Comarcal de l\u2019Alt Empord\u00e0 i els ajuntaments de Castell\u00f3 d\u2019Emp\u00faries i de Llan\u00e7\u00e0.<\/p>\n","protected":false},"author":2,"featured_media":1063,"comment_status":"closed","ping_status":"closed","sticky":false,"template":"","format":"standard","meta":{"footnotes":""},"categories":[106,100,101,1,108,102],"tags":[],"class_list":["post-6595","post","type-post","status-publish","format-standard","has-post-thumbnail","hentry","category-administracions","category-area-benestar","category-ciutadania","category-general","category-mitjans-comunicacio","category-professionals-ambit-social","category-106","category-100","category-101","category-1","category-108","category-102","description-off"],"_links":{"self":[{"href":"https:\/\/inclusioaltemporda.cat\/portal\/wp-json\/wp\/v2\/posts\/6595","targetHints":{"allow":["GET"]}}],"collection":[{"href":"https:\/\/inclusioaltemporda.cat\/portal\/wp-json\/wp\/v2\/posts"}],"about":[{"href":"https:\/\/inclusioaltemporda.cat\/portal\/wp-json\/wp\/v2\/types\/post"}],"author":[{"embeddable":true,"href":"https:\/\/inclusioaltemporda.cat\/portal\/wp-json\/wp\/v2\/users\/2"}],"replies":[{"embeddable":true,"href":"https:\/\/inclusioaltemporda.cat\/portal\/wp-json\/wp\/v2\/comments?post=6595"}],"version-history":[{"count":4,"href":"https:\/\/inclusioaltemporda.cat\/portal\/wp-json\/wp\/v2\/posts\/6595\/revisions"}],"predecessor-version":[{"id":6599,"href":"https:\/\/inclusioaltemporda.cat\/portal\/wp-json\/wp\/v2\/posts\/6595\/revisions\/6599"}],"wp:featuredmedia":[{"embeddable":true,"href":"https:\/\/inclusioaltemporda.cat\/portal\/wp-json\/wp\/v2\/media\/1063"}],"wp:attachment":[{"href":"https:\/\/inclusioaltemporda.cat\/portal\/wp-json\/wp\/v2\/media?parent=6595"}],"wp:term":[{"taxonomy":"category","embeddable":true,"href":"https:\/\/inclusioaltemporda.cat\/portal\/wp-json\/wp\/v2\/categories?post=6595"},{"taxonomy":"post_tag","embeddable":true,"href":"https:\/\/inclusioaltemporda.cat\/portal\/wp-json\/wp\/v2\/tags?post=6595"}],"curies":[{"name":"wp","href":"https:\/\/api.w.org\/{rel}","templated":true}]}}