{"id":6606,"date":"2018-03-07T08:26:36","date_gmt":"2018-03-07T07:26:36","guid":{"rendered":"https:\/\/inclusioaltemporda.cat\/portal\/?p=6606"},"modified":"2018-03-07T08:30:07","modified_gmt":"2018-03-07T07:30:07","slug":"8-de-marc-dia-internacional-de-les-dones","status":"publish","type":"post","link":"https:\/\/inclusioaltemporda.cat\/portal\/8-de-marc-dia-internacional-de-les-dones\/","title":{"rendered":"8 de mar\u00e7 &#8211; Dia Internacional de les Dones"},"content":{"rendered":"<div align=\"justify\">\n<p>El 8 de mar\u00e7\u00a0commemorem el Dia Internacional de les Dones, una jornada per visibilitzar les\u00a0desigualtats de g\u00e8nere i refor\u00e7ar les accions per arribar a la paritat i aconseguir una representaci\u00f3 m\u00e9s justa, equilibrada i positiva de les\u00a0dones en els diferents \u00e0mbits socials.<\/p>\n<p>Enguany el Pla d&#8217;Igualtat de G\u00e8nere de l&#8217;Alt Empord\u00e0 2016-2019 se suma al lema de Nacions Unides 2018: \u201cAra \u00e9s el moment: les activistes rurals i urbanes transformen la vida de les dones\u201d, i proposa reflexionar\u00a0sobre com accelerar la consecuci\u00f3 dels Objectius del Desenvolupament Sostenible que afecta a les dones i a les nenes, en el marc de l&#8217;Agenda 2030 de Nacions Unides.<\/p>\n<p>El objectius de l&#8217;Agenda 2030 per a la igualtat de g\u00e8nere s\u00f3n els seg\u00fcents:<\/p>\n<ul>\n<li>Posar fi a totes les formes de discriminaci\u00f3 contra totes les dones i les nenes en tot el m\u00f3n<\/li>\n<\/ul>\n<ul>\n<li>Eliminar totes les formes de viol\u00e8ncia contra totes les dones i les nenes en els \u00e0mbits p\u00fablic i privat, inclosa la trata i l&#8217;explotaci\u00f3 sexual i d&#8217;altres tipus d&#8217;explotaci\u00f3<\/li>\n<\/ul>\n<ul>\n<li>Eliminar totes les pr\u00e0ctiques nocives, com el matrimoni infantil, preco\u00e7 i for\u00e7at i la mutilaci\u00f3 genital femenina<\/li>\n<\/ul>\n<ul>\n<li>Vetllar perqu\u00e8 totes les nenes i tots els nens acabin els cicles d&#8217;ensenyament de prim\u00e0ria i secund\u00e0ria, que ha de ser gratu\u00efta, equitativa i de qualitat per produir resultats escolars pertinents i efica\u00e7os<\/li>\n<\/ul>\n<ul>\n<li>Vetllar perqu\u00e8 totes les nenes i tots els nens tinguin acc\u00e9s a serveis d&#8217;atenci\u00f3 i desenvolupament en la primera inf\u00e0ncia i a un ensenyament preescolar de qualitat, per tal que estiguin preparats per a l&#8217;ensenyament en l&#8217;etapa de prim\u00e0ria<\/li>\n<\/ul>\n<p>Amb motiu de la commemoraci\u00f3 del Dia Internacional de les Dones, l\u2019Institut Catal\u00e0 de les Dones ha centrat l\u2019eix de la reivindicaci\u00f3 en la millora de la visibilitat i la representaci\u00f3 de les dones als mitjans de comunicaci\u00f3 i a la societat en general.<\/p>\n<\/div>\n<div align=\"justify\">La campanya #veusquenoveus consisteix en un <a href=\"http:\/\/dones.gencat.cat\/ca\/ambits\/sensibilitzacio\/campanyes\/dia_internacional_dones\/campanya-2018-veusquenoveus\/\">v\u00eddeo<\/a> protagonitzat per dones que no apareixen habitualment als mitjans, o que hi apareixen estereotipades, amb l\u2019objectiu de conscienciar sobre la necessitat de visibilitzar les dones reals. El proc\u00e9s de creaci\u00f3 s&#8217;ha dut a terme amb dones que participen en activitats de La Bonne, treballadores de la llar, dones grans del districte de Ciutat Vella de Barcelona i treballadores culturals.<\/div>\n<div align=\"justify\"><\/div>\n<div align=\"justify\">En aquest enlla\u00e7 trobareu\u00a0el dossier estad\u00edstic \u201c<a href=\"http:\/\/dones.gencat.cat\/web\/.content\/03_ambits\/sensibilitzacio\/dia_dones\/2018\/Dossier_estadistic_8M2018.pdf\">Les dones a Catalunya 2018<\/a>\u201d, elaborat per l\u2019Observatori de la Igualtat de G\u00e8nere (OIG), amb els principals indicadors de les desigualtats entre dones i homes. En aquesta publicaci\u00f3 hi ha\u00a0dades sobre la participaci\u00f3 de les dones als mitjans de comunicaci\u00f3, i tamb\u00e9 dades sobre l\u2019\u00e0mbit laboral, les condicions de vida, la formaci\u00f3, la salut, les tecnologies de la informaci\u00f3 i la comunicaci\u00f3, l\u2019esport i la cultura.<\/div>\n<div align=\"justify\"><\/div>\n","protected":false},"excerpt":{"rendered":"<p>El 8 de mar\u00e7 commemorem el Dia Internacional de les Dones, una jornada per visibilitzar les desigualtats de g\u00e8nere i refor\u00e7ar les accions per arribar a la paritat i aconseguir una representaci\u00f3 m\u00e9s justa, equilibrada i positiva de les dones en tots els \u00e0mbits de la societat. <\/p>\n","protected":false},"author":3,"featured_media":6607,"comment_status":"closed","ping_status":"closed","sticky":false,"template":"","format":"standard","meta":{"footnotes":""},"categories":[100,107,101,105,104,103,1,108,13,12,102,115,11],"tags":[],"class_list":["post-6606","post","type-post","status-publish","format-standard","has-post-thumbnail","hentry","category-area-benestar","category-centres-recerca-universitats","category-ciutadania","category-empreses","category-entitats-socials","category-estudiants-escoles-instituts","category-general","category-mitjans-comunicacio","category-observatori-inclusio-social-alt-emporda","category-pla-dinclusio-2","category-professionals-ambit-social","category-projectes-transfronterers","category-taula-inclusio","category-100","category-107","category-101","category-105","category-104","category-103","category-1","category-108","category-13","category-12","category-102","category-115","category-11","description-off"],"_links":{"self":[{"href":"https:\/\/inclusioaltemporda.cat\/portal\/wp-json\/wp\/v2\/posts\/6606","targetHints":{"allow":["GET"]}}],"collection":[{"href":"https:\/\/inclusioaltemporda.cat\/portal\/wp-json\/wp\/v2\/posts"}],"about":[{"href":"https:\/\/inclusioaltemporda.cat\/portal\/wp-json\/wp\/v2\/types\/post"}],"author":[{"embeddable":true,"href":"https:\/\/inclusioaltemporda.cat\/portal\/wp-json\/wp\/v2\/users\/3"}],"replies":[{"embeddable":true,"href":"https:\/\/inclusioaltemporda.cat\/portal\/wp-json\/wp\/v2\/comments?post=6606"}],"version-history":[{"count":6,"href":"https:\/\/inclusioaltemporda.cat\/portal\/wp-json\/wp\/v2\/posts\/6606\/revisions"}],"predecessor-version":[{"id":6613,"href":"https:\/\/inclusioaltemporda.cat\/portal\/wp-json\/wp\/v2\/posts\/6606\/revisions\/6613"}],"wp:featuredmedia":[{"embeddable":true,"href":"https:\/\/inclusioaltemporda.cat\/portal\/wp-json\/wp\/v2\/media\/6607"}],"wp:attachment":[{"href":"https:\/\/inclusioaltemporda.cat\/portal\/wp-json\/wp\/v2\/media?parent=6606"}],"wp:term":[{"taxonomy":"category","embeddable":true,"href":"https:\/\/inclusioaltemporda.cat\/portal\/wp-json\/wp\/v2\/categories?post=6606"},{"taxonomy":"post_tag","embeddable":true,"href":"https:\/\/inclusioaltemporda.cat\/portal\/wp-json\/wp\/v2\/tags?post=6606"}],"curies":[{"name":"wp","href":"https:\/\/api.w.org\/{rel}","templated":true}]}}