{"id":6616,"date":"2018-03-19T12:24:19","date_gmt":"2018-03-19T11:24:19","guid":{"rendered":"https:\/\/inclusioaltemporda.cat\/portal\/?p=6616"},"modified":"2018-03-19T12:24:19","modified_gmt":"2018-03-19T11:24:19","slug":"curs-dacollida-a-lescala","status":"publish","type":"post","link":"https:\/\/inclusioaltemporda.cat\/portal\/curs-dacollida-a-lescala\/","title":{"rendered":"Curs d&#8217;acollida a l&#8217;Escala"},"content":{"rendered":"<p>El Servei d\u2019acollida i dinamitzaci\u00f3 comunit\u00e0ria de l&#8217;\u00e0rea d&#8217;Inclusi\u00f3 i Atenci\u00f3 a la Comunitat del Consell Comarcal, ha iniciat\u00a0aquesta setmana\u00a0un curs de primera acollida adre\u00e7at a persones nouvingudes de l&#8217;Escala.<\/p>\n<p>Aquest curs, que t\u00e9 lloc a l&#8217;espai Jove Esbotzada i que compta amb 20 persones inscrites, s&#8217;impartir\u00e0 del 19 al 23 de mar\u00e7 i facilitar\u00e0\u00a0el certificat d\u2019acollida per a les persones d&#8217;origen estranger que permet regularitzar o renovar la seva situaci\u00f3 administrativa.<\/p>\n<p>Aquesta\u00a0curs d\u2019acollida de l&#8217;Escala\u00a0 compta amb el finan\u00e7ament del Fons Social Europeu i el suport de la Secretaria d\u2019Igualtat, Migracions i Ciutadania de la Generalitat de Catalunya i de l&#8217;ajuntament de l&#8217;Escala, es centra en el m\u00f2dul C coneixement de la societat catalana i el seu marc jur\u00eddic.<\/p>\n<p align=\"justify\">Per poder obtenir el certificat d\u2019acollida, tal com estableix el Reglament d\u2019Acollida de la Generalitat de Catalunya, cal acreditar la participaci\u00f3 en tres m\u00f2duls de formaci\u00f3: un m\u00f2dul (A) per aprendre catal\u00e0 i castell\u00e0 amb un m\u00ednim de 90 hores de formaci\u00f3 en cadascuna de les dues lleng\u00fces oficials, un m\u00f2dul (B) sobre coneixements laborals amb una durada m\u00ednima de 15 hores i un tercer m\u00f2dul (C) sobre coneixement de la societat catalana i del seu marc jur\u00eddic amb un m\u00ednim de 15 hores.<\/p>\n","protected":false},"excerpt":{"rendered":"<p>El Servei d\u2019acollida i dinamitzaci\u00f3 comunit\u00e0ria de l&#8217;\u00e0rea d&#8217;Inclusi\u00f3 i Atenci\u00f3 a la Comunitat del Consell Comarcal, ha iniciat aquesta setmana un curs de primera acollida adre\u00e7at a persones nouvingudes a l&#8217;Escala.<\/p>\n","protected":false},"author":3,"featured_media":3258,"comment_status":"closed","ping_status":"closed","sticky":false,"template":"","format":"standard","meta":{"footnotes":""},"categories":[106,100,107,101,104,1,108,12],"tags":[],"class_list":["post-6616","post","type-post","status-publish","format-standard","has-post-thumbnail","hentry","category-administracions","category-area-benestar","category-centres-recerca-universitats","category-ciutadania","category-entitats-socials","category-general","category-mitjans-comunicacio","category-pla-dinclusio-2","category-106","category-100","category-107","category-101","category-104","category-1","category-108","category-12","description-off"],"_links":{"self":[{"href":"https:\/\/inclusioaltemporda.cat\/portal\/wp-json\/wp\/v2\/posts\/6616","targetHints":{"allow":["GET"]}}],"collection":[{"href":"https:\/\/inclusioaltemporda.cat\/portal\/wp-json\/wp\/v2\/posts"}],"about":[{"href":"https:\/\/inclusioaltemporda.cat\/portal\/wp-json\/wp\/v2\/types\/post"}],"author":[{"embeddable":true,"href":"https:\/\/inclusioaltemporda.cat\/portal\/wp-json\/wp\/v2\/users\/3"}],"replies":[{"embeddable":true,"href":"https:\/\/inclusioaltemporda.cat\/portal\/wp-json\/wp\/v2\/comments?post=6616"}],"version-history":[{"count":2,"href":"https:\/\/inclusioaltemporda.cat\/portal\/wp-json\/wp\/v2\/posts\/6616\/revisions"}],"predecessor-version":[{"id":6618,"href":"https:\/\/inclusioaltemporda.cat\/portal\/wp-json\/wp\/v2\/posts\/6616\/revisions\/6618"}],"wp:featuredmedia":[{"embeddable":true,"href":"https:\/\/inclusioaltemporda.cat\/portal\/wp-json\/wp\/v2\/media\/3258"}],"wp:attachment":[{"href":"https:\/\/inclusioaltemporda.cat\/portal\/wp-json\/wp\/v2\/media?parent=6616"}],"wp:term":[{"taxonomy":"category","embeddable":true,"href":"https:\/\/inclusioaltemporda.cat\/portal\/wp-json\/wp\/v2\/categories?post=6616"},{"taxonomy":"post_tag","embeddable":true,"href":"https:\/\/inclusioaltemporda.cat\/portal\/wp-json\/wp\/v2\/tags?post=6616"}],"curies":[{"name":"wp","href":"https:\/\/api.w.org\/{rel}","templated":true}]}}