{"id":6620,"date":"2018-03-22T08:00:01","date_gmt":"2018-03-22T07:00:01","guid":{"rendered":"https:\/\/inclusioaltemporda.cat\/portal\/?p=6620"},"modified":"2018-04-09T09:06:51","modified_gmt":"2018-04-09T08:06:51","slug":"en-marxa-ledicio-de-primavera-dels-tallers-de-memoria-i-gimnas-per-a-gent-gran","status":"publish","type":"post","link":"https:\/\/inclusioaltemporda.cat\/portal\/en-marxa-ledicio-de-primavera-dels-tallers-de-memoria-i-gimnas-per-a-gent-gran\/","title":{"rendered":"En marxa l&#8217;edici\u00f3 de primavera dels Tallers de mem\u00f2ria i gimn\u00e0s per a gent gran"},"content":{"rendered":"<p>Aquesta setmana s&#8217;ha posat en marxa l&#8217;edici\u00f3 de primavera dels Tallers de Mem\u00f2ria i els Tallers de Gimn\u00e0s per a gent gran a diferents municipis de la comarca.<\/p>\n<p>Aquests tallers, promoguts i impartits per professionals de l\u2019\u00e0rea de Benestar del Consell Comarcal tenen com a finalitat promoure un envelliment actiu de la poblaci\u00f3 de la comarca.<\/p>\n<p>Els tallers s\u2019adrecen a les persones majors de 65 anys i es fan en els municipis que han sol\u00b7licitat aquesta activitat mitjan\u00e7ant el seu ajuntament. La finalitat d\u2019aquestes activitats \u00e9s treballar de forma \u00edntegra l\u2019estimulaci\u00f3 de les capacitats f\u00edsiques i mentals de les persones grans.<\/p>\n<p>El Taller de Mem\u00f2ria facilita un entrenament de les capacitats que intervenen en la mem\u00f2ria i altres facultats mentals associades. Aquesta activitat consta de diferents sessions d\u2019una hora setmanal.<\/p>\n<p>El Taller de Gimn\u00e0s t\u00e9 com a finalitat mantenir la forma f\u00edsica i promoure un envelliment saludable. Les activitats programades permeten mantenir i millorar les capacitats f\u00edsiques, treballar la mobilitat, la for\u00e7a, la flexibilitat, la coordinaci\u00f3, l\u2019equilibri i la respiraci\u00f3. El Taller tamb\u00e9 facilita t\u00e8cniques de relaxaci\u00f3 i bons h\u00e0bits per prevenir lesions. El Taller es duu a terme en diferents sessions d\u2019una hora setmanal.<\/p>\n<p>Aquesta tardor es faran 30 Tallers de Mem\u00f2ria als municipis seg\u00fcents: Albany\u00e0, Avinyonet de Puigvent\u00f3s, B\u00e0scara, Biure, Boadella, Cabanes, Colera, L&#8217;Escala, El Far d&#8217;Empord\u00e0, Forti\u00e0, La Jonquera, Llad\u00f3, Llan\u00e7\u00e0, Mollet de Peralada, Navata, Peralada, Pont\u00f3s,\u00a0 Sant Climent Sescebes, Sant Miquel de Fluvi\u00e0, Terrades,Torroella de Fluvi\u00e0, Vilamalla, Vilanova de la Muga, Vilarnadal, Vila\u00fcr i Vila-Sacra.<\/p>\n<p>Tamb\u00e9 s\u2019han programat 18Tallers de Gimn\u00e0s als municipis seg\u00fcents: Cadaqu\u00e9s, Cantallops, Capmany, Darnius, El Far d&#8217;Empord\u00e0, Forti\u00e0, Garrig\u00e0s, La Jonquera, Llan\u00e7\u00e0, Masarac, Navata, Ordis Pau, Santa Llogaia d&#8217;\u00c0lguema, Selva de Mar, Siurana, Torroella de Fluvi\u00e0 i Vila\u00fcr<span style=\"color: #ff00ff;\"><br \/>\n<\/span><\/p>\n<p>Si teniu inter\u00e8s a participar en algun d\u2019aquests Tallers, podeu consultar municipis i horaris en <a href=\"https:\/\/inclusioaltemporda.cat\/portal\/wp-content\/uploads\/Tallers-mem\u00f2ria-18.pdf\" target=\"_blank\" rel=\"noopener\">aquest enlla\u00e7<\/a>.<\/p>\n","protected":false},"excerpt":{"rendered":"<p>Aquesta setmana s&#8217;ha posat en marxa l&#8217;edici\u00f3 de tardor dels Tallers de Mem\u00f2ria per a gent gran a diferents municipis de la comarca.<\/p>\n","protected":false},"author":2,"featured_media":1250,"comment_status":"closed","ping_status":"closed","sticky":false,"template":"","format":"standard","meta":{"footnotes":""},"categories":[106,33,100,101,1,108],"tags":[],"class_list":["post-6620","post","type-post","status-publish","format-standard","has-post-thumbnail","hentry","category-administracions","category-agenda","category-area-benestar","category-ciutadania","category-general","category-mitjans-comunicacio","category-106","category-33","category-100","category-101","category-1","category-108","description-off"],"_links":{"self":[{"href":"https:\/\/inclusioaltemporda.cat\/portal\/wp-json\/wp\/v2\/posts\/6620","targetHints":{"allow":["GET"]}}],"collection":[{"href":"https:\/\/inclusioaltemporda.cat\/portal\/wp-json\/wp\/v2\/posts"}],"about":[{"href":"https:\/\/inclusioaltemporda.cat\/portal\/wp-json\/wp\/v2\/types\/post"}],"author":[{"embeddable":true,"href":"https:\/\/inclusioaltemporda.cat\/portal\/wp-json\/wp\/v2\/users\/2"}],"replies":[{"embeddable":true,"href":"https:\/\/inclusioaltemporda.cat\/portal\/wp-json\/wp\/v2\/comments?post=6620"}],"version-history":[{"count":7,"href":"https:\/\/inclusioaltemporda.cat\/portal\/wp-json\/wp\/v2\/posts\/6620\/revisions"}],"predecessor-version":[{"id":6627,"href":"https:\/\/inclusioaltemporda.cat\/portal\/wp-json\/wp\/v2\/posts\/6620\/revisions\/6627"}],"wp:featuredmedia":[{"embeddable":true,"href":"https:\/\/inclusioaltemporda.cat\/portal\/wp-json\/wp\/v2\/media\/1250"}],"wp:attachment":[{"href":"https:\/\/inclusioaltemporda.cat\/portal\/wp-json\/wp\/v2\/media?parent=6620"}],"wp:term":[{"taxonomy":"category","embeddable":true,"href":"https:\/\/inclusioaltemporda.cat\/portal\/wp-json\/wp\/v2\/categories?post=6620"},{"taxonomy":"post_tag","embeddable":true,"href":"https:\/\/inclusioaltemporda.cat\/portal\/wp-json\/wp\/v2\/tags?post=6620"}],"curies":[{"name":"wp","href":"https:\/\/api.w.org\/{rel}","templated":true}]}}