{"id":6632,"date":"2018-04-09T09:28:09","date_gmt":"2018-04-09T08:28:09","guid":{"rendered":"https:\/\/inclusioaltemporda.cat\/portal\/?p=6632"},"modified":"2018-04-09T09:36:06","modified_gmt":"2018-04-09T08:36:06","slug":"nou-grup-de-suport-a-familiars-cuidadors-a-lescala","status":"publish","type":"post","link":"https:\/\/inclusioaltemporda.cat\/portal\/nou-grup-de-suport-a-familiars-cuidadors-a-lescala\/","title":{"rendered":"Nou grup de suport a familiars cuidadors a l&#8217;Escala"},"content":{"rendered":"<p>L&#8217;\u00e0rea de Benestar del Consell Comarcal de l&#8217;Alt Empord\u00e0 inicia avui un nou grup de suport per a persones cuidadores al municipi de l&#8217;Escala que estar\u00e0 actiu fins el dia 25 de juny.<\/p>\n<p>Les tasques quotidianes de cura d&#8217;una persona amb depend\u00e8ncia comporten esgotament f\u00edsic i emocional. Per tal d&#8217;incidir en la qualitat de vida de les persones afectades de depend\u00e8ncia i els seus familiars, l&#8217;\u00e0rea de Benestar del Consell Comarcal dinamitza\u00a0 una xarxa de grups de suport a persones cuidadores. Els grups de suports a familiars cuidadors s\u00f3n un espai de trobada peri\u00f2dic per a familiars cuidadors que t\u00e9 com a principal objectiu millorar la qualitat de vida de les persones dependents i els seus familiars. Aquests esdev\u00e9n espais de relaci\u00f3, formaci\u00f3 i intercanvi d&#8217;experi\u00e8ncies entre persones amb situacions i necessitats similars.<\/p>\n<p>El mes de mar\u00e7 passat van finalitzar les sessions dels grups de suport de La Jonquera i Vilafant, que van comptar amb una participaci\u00f3 de 7 i 12 persones respectivament. L&#8217;any 2016 l&#8217;equip de promoci\u00f3 de l&#8217;autonomia i atenci\u00f3 a la depend\u00e8ncia de l&#8217;\u00e0rea de Benestar va organitzar i dinamitzar 8 grups de suport en diferents municipis de la comarca, que van comptar amb una participaci\u00f3 de 79 persones. Un 90% del les participants en aquest recurs s\u00f3n dones fet que mostra una elevada feminitzaci\u00f3 de les tasques de cura de familiars a la comarca.<\/p>\n<p>&nbsp;<\/p>\n","protected":false},"excerpt":{"rendered":"<p>L&#8217;\u00e0rea de Benestar del Consell Comarcal de l&#8217;Alt Empord\u00e0 inicia avui un nou grup de suport per a persones cuidadores al municipi de l&#8217;Escala que estar\u00e0 actiu fins el dia 25 de juny.<\/p>\n","protected":false},"author":2,"featured_media":3605,"comment_status":"closed","ping_status":"closed","sticky":false,"template":"","format":"standard","meta":{"footnotes":""},"categories":[106,100,101,1,108],"tags":[],"class_list":["post-6632","post","type-post","status-publish","format-standard","has-post-thumbnail","hentry","category-administracions","category-area-benestar","category-ciutadania","category-general","category-mitjans-comunicacio","category-106","category-100","category-101","category-1","category-108","description-off"],"_links":{"self":[{"href":"https:\/\/inclusioaltemporda.cat\/portal\/wp-json\/wp\/v2\/posts\/6632","targetHints":{"allow":["GET"]}}],"collection":[{"href":"https:\/\/inclusioaltemporda.cat\/portal\/wp-json\/wp\/v2\/posts"}],"about":[{"href":"https:\/\/inclusioaltemporda.cat\/portal\/wp-json\/wp\/v2\/types\/post"}],"author":[{"embeddable":true,"href":"https:\/\/inclusioaltemporda.cat\/portal\/wp-json\/wp\/v2\/users\/2"}],"replies":[{"embeddable":true,"href":"https:\/\/inclusioaltemporda.cat\/portal\/wp-json\/wp\/v2\/comments?post=6632"}],"version-history":[{"count":4,"href":"https:\/\/inclusioaltemporda.cat\/portal\/wp-json\/wp\/v2\/posts\/6632\/revisions"}],"predecessor-version":[{"id":6637,"href":"https:\/\/inclusioaltemporda.cat\/portal\/wp-json\/wp\/v2\/posts\/6632\/revisions\/6637"}],"wp:featuredmedia":[{"embeddable":true,"href":"https:\/\/inclusioaltemporda.cat\/portal\/wp-json\/wp\/v2\/media\/3605"}],"wp:attachment":[{"href":"https:\/\/inclusioaltemporda.cat\/portal\/wp-json\/wp\/v2\/media?parent=6632"}],"wp:term":[{"taxonomy":"category","embeddable":true,"href":"https:\/\/inclusioaltemporda.cat\/portal\/wp-json\/wp\/v2\/categories?post=6632"},{"taxonomy":"post_tag","embeddable":true,"href":"https:\/\/inclusioaltemporda.cat\/portal\/wp-json\/wp\/v2\/tags?post=6632"}],"curies":[{"name":"wp","href":"https:\/\/api.w.org\/{rel}","templated":true}]}}