{"id":6639,"date":"2018-04-24T08:21:54","date_gmt":"2018-04-24T07:21:54","guid":{"rendered":"https:\/\/inclusioaltemporda.cat\/portal\/?p=6639"},"modified":"2018-04-27T10:46:19","modified_gmt":"2018-04-27T09:46:19","slug":"noves-accions-dacollida-de-persones-dorigen-migrant-a-llanca","status":"publish","type":"post","link":"https:\/\/inclusioaltemporda.cat\/portal\/noves-accions-dacollida-de-persones-dorigen-migrant-a-llanca\/","title":{"rendered":"Noves accions d&#8217;acollida de persones d&#8217;origen migrant a Llan\u00e7\u00e0"},"content":{"rendered":"<p>El Servei d&#8217;Acollida del Consell Comarcal de l&#8217;Alt Empord\u00e0 est\u00e0 realitzant un Curs d&#8217;alfabetitzaci\u00f3 en catal\u00e0 al municipi i preveu una Formaci\u00f3 d&#8217;acollida per al m\u00e9s de setembre<\/p>\n<p>El Curs d&#8217;alfabetitzaci\u00f3, que t\u00e9 una durada de 90 hores i compta amb un participaci\u00f3 de 20 persones, es va iniciar el passat 16 d&#8217;abril i finalitzar\u00e0 el 22 de juny.<\/p>\n<p>Per la proper mes de setembre el Servei d&#8217;Acollida ha previst la realitzaci\u00f3 d&#8217;una Formaci\u00f3 d&#8217;Acollida al mateix municipi. Aquest curs, adre\u00e7at a homes i dones d&#8217;origen migrant, correspon al m\u00f2dul C de Coneixement de l&#8217;entorn, que \u00e9s un dels tres m\u00f2duls formatius requerits per a l&#8217;obtenci\u00f3 del Certificat d&#8217;Acollida previst a la Llei 10\/2010, del 7 de maig, d&#8217;acollida de les persones immigrades i de les retornades a Catalunya. La formaci\u00f3, que t\u00e9 un durada de 15 hores lectives, t\u00e9 com a principal objectiu oferir una presentaci\u00f3 general del municipi, dels serveis (salut, habitatge, educaci\u00f3, treball, serveis socials, assessorament jur\u00eddic) valors i principis de conviv\u00e8ncia i civisme, i els drets i deures que tota persona nouvinguda ha de con\u00e8ixer<\/p>\n<p>&nbsp;<\/p>\n<p>&nbsp;<\/p>\n<p>&nbsp;<\/p>\n<p>&nbsp;<\/p>\n","protected":false},"excerpt":{"rendered":"<p>El Servei d&#8217;Acollida del Consell Comarcal de l&#8217;Alt Empord\u00e0 est\u00e0 realitzant un Curs d&#8217;alfabetitzaci\u00f3 en catal\u00e0 al municipi i preveu una Formaci\u00f3 d&#8217;acollida per al m\u00e9s de setembre<\/p>\n","protected":false},"author":2,"featured_media":4567,"comment_status":"closed","ping_status":"closed","sticky":false,"template":"","format":"standard","meta":{"footnotes":""},"categories":[106,100,101,1,108,12],"tags":[],"class_list":["post-6639","post","type-post","status-publish","format-standard","has-post-thumbnail","hentry","category-administracions","category-area-benestar","category-ciutadania","category-general","category-mitjans-comunicacio","category-pla-dinclusio-2","category-106","category-100","category-101","category-1","category-108","category-12","description-off"],"_links":{"self":[{"href":"https:\/\/inclusioaltemporda.cat\/portal\/wp-json\/wp\/v2\/posts\/6639","targetHints":{"allow":["GET"]}}],"collection":[{"href":"https:\/\/inclusioaltemporda.cat\/portal\/wp-json\/wp\/v2\/posts"}],"about":[{"href":"https:\/\/inclusioaltemporda.cat\/portal\/wp-json\/wp\/v2\/types\/post"}],"author":[{"embeddable":true,"href":"https:\/\/inclusioaltemporda.cat\/portal\/wp-json\/wp\/v2\/users\/2"}],"replies":[{"embeddable":true,"href":"https:\/\/inclusioaltemporda.cat\/portal\/wp-json\/wp\/v2\/comments?post=6639"}],"version-history":[{"count":2,"href":"https:\/\/inclusioaltemporda.cat\/portal\/wp-json\/wp\/v2\/posts\/6639\/revisions"}],"predecessor-version":[{"id":6641,"href":"https:\/\/inclusioaltemporda.cat\/portal\/wp-json\/wp\/v2\/posts\/6639\/revisions\/6641"}],"wp:featuredmedia":[{"embeddable":true,"href":"https:\/\/inclusioaltemporda.cat\/portal\/wp-json\/wp\/v2\/media\/4567"}],"wp:attachment":[{"href":"https:\/\/inclusioaltemporda.cat\/portal\/wp-json\/wp\/v2\/media?parent=6639"}],"wp:term":[{"taxonomy":"category","embeddable":true,"href":"https:\/\/inclusioaltemporda.cat\/portal\/wp-json\/wp\/v2\/categories?post=6639"},{"taxonomy":"post_tag","embeddable":true,"href":"https:\/\/inclusioaltemporda.cat\/portal\/wp-json\/wp\/v2\/tags?post=6639"}],"curies":[{"name":"wp","href":"https:\/\/api.w.org\/{rel}","templated":true}]}}